
{"id":14018,"date":"2023-04-11T09:47:46","date_gmt":"2023-04-11T07:47:46","guid":{"rendered":"https:\/\/sanlucar.dev.resonanz-digital.at\/?p=14018"},"modified":"2024-07-23T16:42:43","modified_gmt":"2024-07-23T14:42:43","slug":"ver-crecer-las-uvas-como-si-fueran-tus-hijos","status":"publish","type":"post","link":"https:\/\/sanlucar.com\/es\/ver-crecer-las-uvas-como-si-fueran-tus-hijos\/","title":{"rendered":"Ver crecer las uvas como si fueran tus hijos."},"content":{"rendered":"<div id='av_section_1'  class='avia-section av-ba3oa5-34eff98fb5e1e5c5d4772342f9c40742 main_color avia-section-default avia-no-border-styling  avia-builder-el-0  avia-builder-el-no-sibling  avia-bg-style-scroll container_wrap fullsize'  ><div class='container av-section-cont-open' ><main  role=\"main\" itemprop=\"mainContentOfPage\"  class='template-page content  av-content-full alpha units'><div class='post-entry post-entry-type-page post-entry-14018'><div class='entry-content-wrapper clearfix'>\n<div class='flex_column_table av-8m9ygt-a9b256aff20b4c8e82dd0fa89ea1d373 sc-av_one_half av-equal-height-column-flextable'><div  class='flex_column av-8m9ygt-a9b256aff20b4c8e82dd0fa89ea1d373 av_one_half  avia-builder-el-1  el_before_av_one_half  avia-builder-el-first  first flex_column_table_cell av-equal-height-column av-align-middle  '     ><section  class='av_textblock_section av-l436x7tc-f4861a50d9fecddc04cfc12804f31c92 '   itemscope=\"itemscope\" itemtype=\"https:\/\/schema.org\/BlogPosting\" itemprop=\"blogPost\" ><div class='avia_textblock'  itemprop=\"text\" ><p>\u00abVer crecer las <a href=\"https:\/\/sanlucar.com\/es\/frutos\/uvas\/\">uvas<\/a> es como ver crecer a tus propios hijos\u00bb. Quien lo dice lo sabe muy bien. Es Manie, nuestro compa\u00f1ero del equipo de variedades de la granja De Hoek en Sud\u00e1frica. El equipo desarrolla nuevas variedades con mucho amor y experiencia, y se asegura de que obtengamos la fruta m\u00e1s deliciosa y jugosa durante todo el a\u00f1o. \u00abSomos los padres de nuestros frutos y creamos las condiciones ideales para su crecimiento\u00bb. Tambi\u00e9n tienen algunos ayudantes que contribuyen activamente a su crecimiento y a su desarrollo. Estos son: un clima templado, muchas horas de sol y un suelo f\u00e9rtil. Todos juntos hacen que las frutas se conviertan en verdaderas joyas. Pero nada funciona por s\u00ed solo.<\/p>\n<\/div><\/section><\/div><div class='av-flex-placeholder'><\/div><div  class='flex_column av-86w471-439c31e51be73d666b2f44e31c1342ae av_one_half  avia-builder-el-3  el_after_av_one_half  el_before_av_one_half  flex_column_table_cell av-equal-height-column av-align-middle  '     ><style type=\"text\/css\" data-created_by=\"avia_inline_auto\" id=\"style-css-av-l436ygni-08118b98f676a43b69c79e3dffc67858\">\n.avia-image-container.av-l436ygni-08118b98f676a43b69c79e3dffc67858 .av-image-caption-overlay-center{\ncolor:#ffffff;\n}\n<\/style>\n<div  class='avia-image-container av-l436ygni-08118b98f676a43b69c79e3dffc67858 av-styling- avia-align-  avia-builder-el-4  avia-builder-el-no-sibling '  itemprop=\"image\" itemscope=\"itemscope\" itemtype=\"https:\/\/schema.org\/ImageObject\" ><div class=\"avia-image-container-inner\"><div class=\"avia-image-overlay-wrap\"><picture><source media='(max-width:300px)' srcset='https:\/\/sanlucar.com\/wp-content\/uploads\/2020\/02\/trauben-300x184.jpg'><source media='(max-width:550px)' srcset='https:\/\/sanlucar.com\/wp-content\/uploads\/2020\/02\/trauben.jpg'><img decoding=\"async\" class='avia_image ' src=\"https:\/\/sanlucar.com\/wp-content\/uploads\/2020\/02\/trauben.jpg\" alt='A close-up of fresh, plump grapes hanging from a vine, with vibrant green leaves surrounding the fruit in a sunlit vineyard.' title='trauben'\/><\/picture><\/div><\/div><\/div><\/div><\/div><!--close column table wrapper. Autoclose: 1 --><div class='flex_column_table av-60sorx-c013729dfe46d52945882dbafd6e5150 sc-av_one_half av-mobile-columns-flex av-columns-reverse av-equal-height-column-flextable'><div  class='flex_column av-60sorx-c013729dfe46d52945882dbafd6e5150 av_one_half  avia-builder-el-5  el_after_av_one_half  el_before_av_one_half  first flex_column_table_cell av-equal-height-column av-align-middle  column-top-margin'     ><style type=\"text\/css\" data-created_by=\"avia_inline_auto\" id=\"style-css-av-l3zmgn2s-72f4618155ed1266cecdabec43e48daa\">\n.avia-image-container.av-l3zmgn2s-72f4618155ed1266cecdabec43e48daa .av-image-caption-overlay-center{\ncolor:#ffffff;\n}\n<\/style>\n<div  class='avia-image-container av-l3zmgn2s-72f4618155ed1266cecdabec43e48daa av-styling- avia-align-  avia-builder-el-6  avia-builder-el-no-sibling '  itemprop=\"image\" itemscope=\"itemscope\" itemtype=\"https:\/\/schema.org\/ImageObject\" ><div class=\"avia-image-container-inner\"><div class=\"avia-image-overlay-wrap\"><picture><source media='(max-width:300px)' srcset='https:\/\/sanlucar.com\/wp-content\/uploads\/2020\/02\/Blick-ins-Kinderzimmer-der-susen-Trauben-300x197.jpg'><source media='(max-width:550px)' srcset='https:\/\/sanlucar.com\/wp-content\/uploads\/2020\/02\/Blick-ins-Kinderzimmer-der-susen-Trauben.jpg'><img decoding=\"async\" class='avia_image ' src=\"https:\/\/sanlucar.com\/wp-content\/uploads\/2020\/02\/Blick-ins-Kinderzimmer-der-susen-Trauben.jpg\" alt='A playful scene featuring fresh, sweet grapes in a children's room setting, with vibrant colors and a fun, welcoming atmosphere.' title='Blick ins Kinderzimmer der s\u00fc\u00dfen Trauben'\/><\/picture><\/div><\/div><\/div><\/div><div class='av-flex-placeholder'><\/div><div  class='flex_column av-3kde0d-67d2cacdd52bf928744f521a75b9c1f0 av_one_half  avia-builder-el-7  el_after_av_one_half  avia-builder-el-last  flex_column_table_cell av-equal-height-column av-align-middle  column-top-margin'     ><section  class='av_textblock_section av-l4370jot-8a38d528ea46c015147149b9874463d0 '   itemscope=\"itemscope\" itemtype=\"https:\/\/schema.org\/BlogPosting\" itemprop=\"blogPost\" ><div class='avia_textblock'  itemprop=\"text\" ><p>En la foto vemos a Manie examinado la nueva variedad de uva Autumn Crisp, que necesita cuatro semanas m\u00e1s de sol antes de cosecharse. Durante este tiempo, el equipo va a las vi\u00f1as casi a diario para ver el estado de las <a href=\"https:\/\/sanlucar.com\/es\/frutos\/uvas\/\">uvas<\/a>. Hay que cortar ramas, quitar hojas y comprobar el dulzor de las <a href=\"https:\/\/sanlucar.com\/es\/frutos\/uvas\/\">uvas<\/a>.<\/p>\n<p>\u00abAunque la propia naturaleza hace gran parte del trabajo, nosotros, como responsables de su desarrollo, tenemos que intervenir continuamente para asegurarnos de que nuestras uvas salgan bien\u00bb, dice Manie, que contin\u00faa entregado a sus dulces \u00abhijos\u00bb.<\/p>\n<\/div><\/section><\/div><\/div><!--close column table wrapper. Autoclose: 1 -->\n","protected":false},"excerpt":{"rendered":"","protected":false},"author":12,"featured_media":34865,"comment_status":"open","ping_status":"open","sticky":false,"template":"","format":"standard","meta":{"_acf_changed":false,"footnotes":""},"categories":[62],"tags":[],"class_list":["post-14018","post","type-post","status-publish","format-standard","has-post-thumbnail","hentry","category-diario-de-campo"],"acf":[],"yoast_head":"<!-- This site is optimized with the Yoast SEO plugin v27.0 - https:\/\/yoast.com\/product\/yoast-seo-wordpress\/ -->\n<title>Ver crecer las uvas como si fueran tus hijos. | SanLucar<\/title>\n<meta name=\"robots\" content=\"index, follow, max-snippet:-1, max-image-preview:large, max-video-preview:-1\" \/>\n<link rel=\"canonical\" href=\"https:\/\/sanlucar.com\/es\/ver-crecer-las-uvas-como-si-fueran-tus-hijos\/\" \/>\n<meta property=\"og:locale\" content=\"es_ES\" \/>\n<meta property=\"og:type\" content=\"article\" \/>\n<meta property=\"og:title\" content=\"Ver crecer las uvas como si fueran tus hijos. | SanLucar\" \/>\n<meta property=\"og:url\" content=\"https:\/\/sanlucar.com\/es\/ver-crecer-las-uvas-como-si-fueran-tus-hijos\/\" \/>\n<meta property=\"og:site_name\" content=\"SanLucar\" \/>\n<meta property=\"article:publisher\" content=\"https:\/\/www.facebook.com\/sanlucarfruit\" \/>\n<meta property=\"article:published_time\" content=\"2023-04-11T07:47:46+00:00\" \/>\n<meta property=\"article:modified_time\" content=\"2024-07-23T14:42:43+00:00\" \/>\n<meta property=\"og:image\" content=\"https:\/\/sanlucar.com\/wp-content\/uploads\/2020\/02\/Blick-ins-Kinderzimmer-der-susen-Trauben.HEADER.jpg\" \/>\n\t<meta property=\"og:image:width\" content=\"1414\" \/>\n\t<meta property=\"og:image:height\" content=\"513\" \/>\n\t<meta property=\"og:image:type\" content=\"image\/jpeg\" \/>\n<meta name=\"author\" content=\"Jaume Hervas\" \/>\n<meta name=\"twitter:card\" content=\"summary_large_image\" \/>\n<meta name=\"twitter:label1\" content=\"Escrito por\" \/>\n\t<meta name=\"twitter:data1\" content=\"Jaume Hervas\" \/>\n\t<meta name=\"twitter:label2\" content=\"Tiempo de lectura\" \/>\n\t<meta name=\"twitter:data2\" content=\"2 minutos\" \/>\n<script type=\"application\/ld+json\" class=\"yoast-schema-graph\">{\"@context\":\"https:\/\/schema.org\",\"@graph\":[{\"@type\":\"Article\",\"@id\":\"https:\/\/sanlucar.com\/es\/ver-crecer-las-uvas-como-si-fueran-tus-hijos\/#article\",\"isPartOf\":{\"@id\":\"https:\/\/sanlucar.com\/es\/ver-crecer-las-uvas-como-si-fueran-tus-hijos\/\"},\"author\":{\"name\":\"Jaume Hervas\",\"@id\":\"https:\/\/sanlucar.com\/#\/schema\/person\/8824e18d71aa5034d92479a1776f7e71\"},\"headline\":\"Ver crecer las uvas como si fueran tus hijos.\",\"datePublished\":\"2023-04-11T07:47:46+00:00\",\"dateModified\":\"2024-07-23T14:42:43+00:00\",\"mainEntityOfPage\":{\"@id\":\"https:\/\/sanlucar.com\/es\/ver-crecer-las-uvas-como-si-fueran-tus-hijos\/\"},\"wordCount\":1396,\"commentCount\":0,\"publisher\":{\"@id\":\"https:\/\/sanlucar.com\/#organization\"},\"image\":{\"@id\":\"https:\/\/sanlucar.com\/es\/ver-crecer-las-uvas-como-si-fueran-tus-hijos\/#primaryimage\"},\"thumbnailUrl\":\"https:\/\/sanlucar.com\/wp-content\/uploads\/2020\/02\/Blick-ins-Kinderzimmer-der-susen-Trauben.HEADER.jpg\",\"articleSection\":[\"Diario de campo\"],\"inLanguage\":\"es\",\"potentialAction\":[{\"@type\":\"CommentAction\",\"name\":\"Comment\",\"target\":[\"https:\/\/sanlucar.com\/es\/ver-crecer-las-uvas-como-si-fueran-tus-hijos\/#respond\"]}]},{\"@type\":\"WebPage\",\"@id\":\"https:\/\/sanlucar.com\/es\/ver-crecer-las-uvas-como-si-fueran-tus-hijos\/\",\"url\":\"https:\/\/sanlucar.com\/es\/ver-crecer-las-uvas-como-si-fueran-tus-hijos\/\",\"name\":\"Ver crecer las uvas como si fueran tus hijos. | SanLucar\",\"isPartOf\":{\"@id\":\"https:\/\/sanlucar.com\/#website\"},\"primaryImageOfPage\":{\"@id\":\"https:\/\/sanlucar.com\/es\/ver-crecer-las-uvas-como-si-fueran-tus-hijos\/#primaryimage\"},\"image\":{\"@id\":\"https:\/\/sanlucar.com\/es\/ver-crecer-las-uvas-como-si-fueran-tus-hijos\/#primaryimage\"},\"thumbnailUrl\":\"https:\/\/sanlucar.com\/wp-content\/uploads\/2020\/02\/Blick-ins-Kinderzimmer-der-susen-Trauben.HEADER.jpg\",\"datePublished\":\"2023-04-11T07:47:46+00:00\",\"dateModified\":\"2024-07-23T14:42:43+00:00\",\"breadcrumb\":{\"@id\":\"https:\/\/sanlucar.com\/es\/ver-crecer-las-uvas-como-si-fueran-tus-hijos\/#breadcrumb\"},\"inLanguage\":\"es\",\"potentialAction\":[{\"@type\":\"ReadAction\",\"target\":[\"https:\/\/sanlucar.com\/es\/ver-crecer-las-uvas-como-si-fueran-tus-hijos\/\"]}]},{\"@type\":\"ImageObject\",\"inLanguage\":\"es\",\"@id\":\"https:\/\/sanlucar.com\/es\/ver-crecer-las-uvas-como-si-fueran-tus-hijos\/#primaryimage\",\"url\":\"https:\/\/sanlucar.com\/wp-content\/uploads\/2020\/02\/Blick-ins-Kinderzimmer-der-susen-Trauben.HEADER.jpg\",\"contentUrl\":\"https:\/\/sanlucar.com\/wp-content\/uploads\/2020\/02\/Blick-ins-Kinderzimmer-der-susen-Trauben.HEADER.jpg\",\"width\":1414,\"height\":513,\"caption\":\"A hand holding a bunch of fresh green grapes against a bright blue sky, showcasing their smooth texture and ripeness.\"},{\"@type\":\"BreadcrumbList\",\"@id\":\"https:\/\/sanlucar.com\/es\/ver-crecer-las-uvas-como-si-fueran-tus-hijos\/#breadcrumb\",\"itemListElement\":[{\"@type\":\"ListItem\",\"position\":1,\"name\":\"Home\",\"item\":\"https:\/\/sanlucar.com\/es\/\"},{\"@type\":\"ListItem\",\"position\":2,\"name\":\"Ver crecer las uvas como si fueran tus hijos.\"}]},{\"@type\":\"WebSite\",\"@id\":\"https:\/\/sanlucar.com\/#website\",\"url\":\"https:\/\/sanlucar.com\/\",\"name\":\"SanLucar\",\"description\":\"\",\"publisher\":{\"@id\":\"https:\/\/sanlucar.com\/#organization\"},\"potentialAction\":[{\"@type\":\"SearchAction\",\"target\":{\"@type\":\"EntryPoint\",\"urlTemplate\":\"https:\/\/sanlucar.com\/?s={search_term_string}\"},\"query-input\":{\"@type\":\"PropertyValueSpecification\",\"valueRequired\":true,\"valueName\":\"search_term_string\"}}],\"inLanguage\":\"es\"},{\"@type\":\"Organization\",\"@id\":\"https:\/\/sanlucar.com\/#organization\",\"name\":\"SanLucar\",\"url\":\"https:\/\/sanlucar.com\/\",\"logo\":{\"@type\":\"ImageObject\",\"inLanguage\":\"es\",\"@id\":\"https:\/\/sanlucar.com\/#\/schema\/logo\/image\/\",\"url\":\"https:\/\/sanlucar.com\/wp-content\/uploads\/2023\/01\/sanlucar-logo-onwhite.png\",\"contentUrl\":\"https:\/\/sanlucar.com\/wp-content\/uploads\/2023\/01\/sanlucar-logo-onwhite.png\",\"width\":800,\"height\":800,\"caption\":\"SanLucar\"},\"image\":{\"@id\":\"https:\/\/sanlucar.com\/#\/schema\/logo\/image\/\"},\"sameAs\":[\"https:\/\/www.facebook.com\/sanlucarfruit\",\"https:\/\/www.instagram.com\/sanlucarfruit\/\",\"https:\/\/www.youtube.com\/user\/SanLucar2009\",\"https:\/\/www.linkedin.com\/company\/sanlucar\/\"]},{\"@type\":\"Person\",\"@id\":\"https:\/\/sanlucar.com\/#\/schema\/person\/8824e18d71aa5034d92479a1776f7e71\",\"name\":\"Jaume Hervas\",\"url\":\"https:\/\/sanlucar.com\/es\/author\/sl_jaume\/\"}]}<\/script>\n<!-- \/ Yoast SEO plugin. -->","yoast_head_json":{"title":"Ver crecer las uvas como si fueran tus hijos. | SanLucar","robots":{"index":"index","follow":"follow","max-snippet":"max-snippet:-1","max-image-preview":"max-image-preview:large","max-video-preview":"max-video-preview:-1"},"canonical":"https:\/\/sanlucar.com\/es\/ver-crecer-las-uvas-como-si-fueran-tus-hijos\/","og_locale":"es_ES","og_type":"article","og_title":"Ver crecer las uvas como si fueran tus hijos. | SanLucar","og_url":"https:\/\/sanlucar.com\/es\/ver-crecer-las-uvas-como-si-fueran-tus-hijos\/","og_site_name":"SanLucar","article_publisher":"https:\/\/www.facebook.com\/sanlucarfruit","article_published_time":"2023-04-11T07:47:46+00:00","article_modified_time":"2024-07-23T14:42:43+00:00","og_image":[{"width":1414,"height":513,"url":"https:\/\/sanlucar.com\/wp-content\/uploads\/2020\/02\/Blick-ins-Kinderzimmer-der-susen-Trauben.HEADER.jpg","type":"image\/jpeg"}],"author":"Jaume Hervas","twitter_card":"summary_large_image","twitter_misc":{"Escrito por":"Jaume Hervas","Tiempo de lectura":"2 minutos"},"schema":{"@context":"https:\/\/schema.org","@graph":[{"@type":"Article","@id":"https:\/\/sanlucar.com\/es\/ver-crecer-las-uvas-como-si-fueran-tus-hijos\/#article","isPartOf":{"@id":"https:\/\/sanlucar.com\/es\/ver-crecer-las-uvas-como-si-fueran-tus-hijos\/"},"author":{"name":"Jaume Hervas","@id":"https:\/\/sanlucar.com\/#\/schema\/person\/8824e18d71aa5034d92479a1776f7e71"},"headline":"Ver crecer las uvas como si fueran tus hijos.","datePublished":"2023-04-11T07:47:46+00:00","dateModified":"2024-07-23T14:42:43+00:00","mainEntityOfPage":{"@id":"https:\/\/sanlucar.com\/es\/ver-crecer-las-uvas-como-si-fueran-tus-hijos\/"},"wordCount":1396,"commentCount":0,"publisher":{"@id":"https:\/\/sanlucar.com\/#organization"},"image":{"@id":"https:\/\/sanlucar.com\/es\/ver-crecer-las-uvas-como-si-fueran-tus-hijos\/#primaryimage"},"thumbnailUrl":"https:\/\/sanlucar.com\/wp-content\/uploads\/2020\/02\/Blick-ins-Kinderzimmer-der-susen-Trauben.HEADER.jpg","articleSection":["Diario de campo"],"inLanguage":"es","potentialAction":[{"@type":"CommentAction","name":"Comment","target":["https:\/\/sanlucar.com\/es\/ver-crecer-las-uvas-como-si-fueran-tus-hijos\/#respond"]}]},{"@type":"WebPage","@id":"https:\/\/sanlucar.com\/es\/ver-crecer-las-uvas-como-si-fueran-tus-hijos\/","url":"https:\/\/sanlucar.com\/es\/ver-crecer-las-uvas-como-si-fueran-tus-hijos\/","name":"Ver crecer las uvas como si fueran tus hijos. | SanLucar","isPartOf":{"@id":"https:\/\/sanlucar.com\/#website"},"primaryImageOfPage":{"@id":"https:\/\/sanlucar.com\/es\/ver-crecer-las-uvas-como-si-fueran-tus-hijos\/#primaryimage"},"image":{"@id":"https:\/\/sanlucar.com\/es\/ver-crecer-las-uvas-como-si-fueran-tus-hijos\/#primaryimage"},"thumbnailUrl":"https:\/\/sanlucar.com\/wp-content\/uploads\/2020\/02\/Blick-ins-Kinderzimmer-der-susen-Trauben.HEADER.jpg","datePublished":"2023-04-11T07:47:46+00:00","dateModified":"2024-07-23T14:42:43+00:00","breadcrumb":{"@id":"https:\/\/sanlucar.com\/es\/ver-crecer-las-uvas-como-si-fueran-tus-hijos\/#breadcrumb"},"inLanguage":"es","potentialAction":[{"@type":"ReadAction","target":["https:\/\/sanlucar.com\/es\/ver-crecer-las-uvas-como-si-fueran-tus-hijos\/"]}]},{"@type":"ImageObject","inLanguage":"es","@id":"https:\/\/sanlucar.com\/es\/ver-crecer-las-uvas-como-si-fueran-tus-hijos\/#primaryimage","url":"https:\/\/sanlucar.com\/wp-content\/uploads\/2020\/02\/Blick-ins-Kinderzimmer-der-susen-Trauben.HEADER.jpg","contentUrl":"https:\/\/sanlucar.com\/wp-content\/uploads\/2020\/02\/Blick-ins-Kinderzimmer-der-susen-Trauben.HEADER.jpg","width":1414,"height":513,"caption":"A hand holding a bunch of fresh green grapes against a bright blue sky, showcasing their smooth texture and ripeness."},{"@type":"BreadcrumbList","@id":"https:\/\/sanlucar.com\/es\/ver-crecer-las-uvas-como-si-fueran-tus-hijos\/#breadcrumb","itemListElement":[{"@type":"ListItem","position":1,"name":"Home","item":"https:\/\/sanlucar.com\/es\/"},{"@type":"ListItem","position":2,"name":"Ver crecer las uvas como si fueran tus hijos."}]},{"@type":"WebSite","@id":"https:\/\/sanlucar.com\/#website","url":"https:\/\/sanlucar.com\/","name":"SanLucar","description":"","publisher":{"@id":"https:\/\/sanlucar.com\/#organization"},"potentialAction":[{"@type":"SearchAction","target":{"@type":"EntryPoint","urlTemplate":"https:\/\/sanlucar.com\/?s={search_term_string}"},"query-input":{"@type":"PropertyValueSpecification","valueRequired":true,"valueName":"search_term_string"}}],"inLanguage":"es"},{"@type":"Organization","@id":"https:\/\/sanlucar.com\/#organization","name":"SanLucar","url":"https:\/\/sanlucar.com\/","logo":{"@type":"ImageObject","inLanguage":"es","@id":"https:\/\/sanlucar.com\/#\/schema\/logo\/image\/","url":"https:\/\/sanlucar.com\/wp-content\/uploads\/2023\/01\/sanlucar-logo-onwhite.png","contentUrl":"https:\/\/sanlucar.com\/wp-content\/uploads\/2023\/01\/sanlucar-logo-onwhite.png","width":800,"height":800,"caption":"SanLucar"},"image":{"@id":"https:\/\/sanlucar.com\/#\/schema\/logo\/image\/"},"sameAs":["https:\/\/www.facebook.com\/sanlucarfruit","https:\/\/www.instagram.com\/sanlucarfruit\/","https:\/\/www.youtube.com\/user\/SanLucar2009","https:\/\/www.linkedin.com\/company\/sanlucar\/"]},{"@type":"Person","@id":"https:\/\/sanlucar.com\/#\/schema\/person\/8824e18d71aa5034d92479a1776f7e71","name":"Jaume Hervas","url":"https:\/\/sanlucar.com\/es\/author\/sl_jaume\/"}]}},"_links":{"self":[{"href":"https:\/\/sanlucar.com\/es\/wp-json\/wp\/v2\/posts\/14018","targetHints":{"allow":["GET"]}}],"collection":[{"href":"https:\/\/sanlucar.com\/es\/wp-json\/wp\/v2\/posts"}],"about":[{"href":"https:\/\/sanlucar.com\/es\/wp-json\/wp\/v2\/types\/post"}],"author":[{"embeddable":true,"href":"https:\/\/sanlucar.com\/es\/wp-json\/wp\/v2\/users\/12"}],"replies":[{"embeddable":true,"href":"https:\/\/sanlucar.com\/es\/wp-json\/wp\/v2\/comments?post=14018"}],"version-history":[{"count":2,"href":"https:\/\/sanlucar.com\/es\/wp-json\/wp\/v2\/posts\/14018\/revisions"}],"predecessor-version":[{"id":38994,"href":"https:\/\/sanlucar.com\/es\/wp-json\/wp\/v2\/posts\/14018\/revisions\/38994"}],"wp:featuredmedia":[{"embeddable":true,"href":"https:\/\/sanlucar.com\/es\/wp-json\/wp\/v2\/media\/34865"}],"wp:attachment":[{"href":"https:\/\/sanlucar.com\/es\/wp-json\/wp\/v2\/media?parent=14018"}],"wp:term":[{"taxonomy":"category","embeddable":true,"href":"https:\/\/sanlucar.com\/es\/wp-json\/wp\/v2\/categories?post=14018"},{"taxonomy":"post_tag","embeddable":true,"href":"https:\/\/sanlucar.com\/es\/wp-json\/wp\/v2\/tags?post=14018"}],"curies":[{"name":"wp","href":"https:\/\/api.w.org\/{rel}","templated":true}]}}