
{"id":14095,"date":"2023-04-11T13:53:07","date_gmt":"2023-04-11T11:53:07","guid":{"rendered":"https:\/\/sanlucar.dev.resonanz-digital.at\/?p=14095"},"modified":"2024-07-18T12:35:08","modified_gmt":"2024-07-18T10:35:08","slug":"cerezas-vendo-y-para-mi-no-tengo","status":"publish","type":"post","link":"https:\/\/sanlucar.com\/es\/cerezas-vendo-y-para-mi-no-tengo\/","title":{"rendered":"Cerezas vendo y para m\u00ed no tengo\u2026"},"content":{"rendered":"<div id='av_section_1'  class='avia-section av-ba3oa5-34eff98fb5e1e5c5d4772342f9c40742 main_color avia-section-default avia-no-border-styling  avia-builder-el-0  avia-builder-el-no-sibling  avia-bg-style-scroll container_wrap fullsize'  ><div class='container av-section-cont-open' ><main  role=\"main\" itemprop=\"mainContentOfPage\"  class='template-page content  av-content-full alpha units'><div class='post-entry post-entry-type-page post-entry-14095'><div class='entry-content-wrapper clearfix'>\n<div class='flex_column_table av-8m9ygt-a9b256aff20b4c8e82dd0fa89ea1d373 sc-av_one_half av-equal-height-column-flextable'><div  class='flex_column av-8m9ygt-a9b256aff20b4c8e82dd0fa89ea1d373 av_one_half  avia-builder-el-1  el_before_av_one_half  avia-builder-el-first  first flex_column_table_cell av-equal-height-column av-align-middle  '     ><section  class='av_textblock_section av-l436x7tc-f4861a50d9fecddc04cfc12804f31c92 '   itemscope=\"itemscope\" itemtype=\"https:\/\/schema.org\/BlogPosting\" itemprop=\"blogPost\" ><div class='avia_textblock'  itemprop=\"text\" ><p>\u00bfQu\u00e9? \u00bfC\u00f3mo? En el norte de Alemania hace ahora mismo un fr\u00edo que pela \u00bfy aun as\u00ed ya hay <a href=\"https:\/\/sanlucar.com\/es\/frutos\/fruta-de-hueso\/cerezas\/\">cerezas<\/a>?<\/p>\n<p>Me parece que alguien est\u00e1 intentando tomarnos el pelo, por eso hemos ido a hablar directamente con nuestro t\u00e9cnico de calidad Winfried \u00abWifi\u00bb Schuster, quien en seguida nos pone el freno: \u00ablos frutos que aparecen en la foto son del a\u00f1o pasado, evidentemente hace mucho que desaparecieron. Ahora mismo, Wifi est\u00e1 de visita en la zona Altes Land, donde explora los campos de cerezos con el maestro agricultor Jon Kotulla\u00bb. Lo especial aqu\u00ed es que los \u00e1rboles est\u00e1n a cubierto, es decir, protegidos todo el a\u00f1o. La lluvia, y en general lo que aqu\u00ed llamamos \u00abSchietwetter\u00bb, que podr\u00eda traducirse por \u00abtiempo de perros\u00bb, puede da\u00f1ar los delicados frutos f\u00e1cilmente.<\/p>\n<p>Y cuando los rayos de sol atraviesan las gotas de agua, estas act\u00faan como una lupa, lo que puede provocar que las <a href=\"https:\/\/sanlucar.com\/es\/frutos\/fruta-de-hueso\/cerezas\/\">cerezas<\/a> exploten y acaben agrietadas.<\/p>\n<p>Ahora mismo estamos discutiendo las cuestiones b\u00e1sicas: el tipo de envase, el etiquetado, c\u00f3mo evitar el uso de pesticidas\u2026 es decir, todo lo que tenemos que tener preparado para la cosecha de las cerezas entre julio y agosto. Bueno, en realidad ya nos imagin\u00e1bamos que hasta verano no podr\u00edamos disfrutar de las delicias de Jon Kotulla. Pero para que no se nos haga demasiado largo, Wifi nos promete que pronto nos mandar\u00e1 una foto de los cerezos en flor. Eso sin duda nos endulza la espera.<\/p>\n<\/div><\/section><\/div><div class='av-flex-placeholder'><\/div><div  class='flex_column av-86w471-439c31e51be73d666b2f44e31c1342ae av_one_half  avia-builder-el-3  el_after_av_one_half  avia-builder-el-last  flex_column_table_cell av-equal-height-column av-align-middle  '     ><style type=\"text\/css\" data-created_by=\"avia_inline_auto\" id=\"style-css-av-l436ygni-702025b00706f12570858358402226f9\">\n.avia-image-container.av-l436ygni-702025b00706f12570858358402226f9 .av-image-caption-overlay-center{\ncolor:#ffffff;\n}\n<\/style>\n<div  class='avia-image-container av-l436ygni-702025b00706f12570858358402226f9 av-styling- avia-align-  avia-builder-el-4  avia-builder-el-no-sibling '  itemprop=\"image\" itemscope=\"itemscope\" itemtype=\"https:\/\/schema.org\/ImageObject\" ><div class=\"avia-image-container-inner\"><div class=\"avia-image-overlay-wrap\"><picture><source media='(max-width:287px)' srcset='https:\/\/sanlucar.com\/wp-content\/uploads\/2018\/03\/Kirschen-287x300.jpg'><source media='(max-width:600px)' srcset='https:\/\/sanlucar.com\/wp-content\/uploads\/2018\/03\/Kirschen.jpg'><img decoding=\"async\" class='avia_image ' src=\"https:\/\/sanlucar.com\/wp-content\/uploads\/2018\/03\/Kirschen.jpg\" alt='A smiling farmer wearing glasses and a black sweater, standing in a lush cherry orchard with ripe red cherries on the tree behind him.' title='Kirschen'\/><\/picture><\/div><\/div><\/div><\/div><\/div><!--close column table wrapper. Autoclose: 1 -->\n","protected":false},"excerpt":{"rendered":"","protected":false},"author":12,"featured_media":35033,"comment_status":"open","ping_status":"open","sticky":false,"template":"","format":"standard","meta":{"_acf_changed":false,"footnotes":""},"categories":[62],"tags":[],"class_list":["post-14095","post","type-post","status-publish","format-standard","has-post-thumbnail","hentry","category-diario-de-campo"],"acf":[],"yoast_head":"<!-- This site is optimized with the Yoast SEO plugin v27.0 - https:\/\/yoast.com\/product\/yoast-seo-wordpress\/ -->\n<title>Cerezas vendo y para m\u00ed no tengo\u2026 | SanLucar<\/title>\n<meta name=\"robots\" content=\"index, follow, max-snippet:-1, max-image-preview:large, max-video-preview:-1\" \/>\n<link rel=\"canonical\" href=\"https:\/\/sanlucar.com\/es\/cerezas-vendo-y-para-mi-no-tengo\/\" \/>\n<meta property=\"og:locale\" content=\"es_ES\" \/>\n<meta property=\"og:type\" content=\"article\" \/>\n<meta property=\"og:title\" content=\"Cerezas vendo y para m\u00ed no tengo\u2026 | SanLucar\" \/>\n<meta property=\"og:url\" content=\"https:\/\/sanlucar.com\/es\/cerezas-vendo-y-para-mi-no-tengo\/\" \/>\n<meta property=\"og:site_name\" content=\"SanLucar\" \/>\n<meta property=\"article:publisher\" content=\"https:\/\/www.facebook.com\/sanlucarfruit\" \/>\n<meta property=\"article:published_time\" content=\"2023-04-11T11:53:07+00:00\" \/>\n<meta property=\"article:modified_time\" content=\"2024-07-18T10:35:08+00:00\" \/>\n<meta property=\"og:image\" content=\"https:\/\/sanlucar.com\/wp-content\/uploads\/2018\/03\/Kirschen-gibts-die-gibts-nicht.-HEADER.jpg\" \/>\n\t<meta property=\"og:image:width\" content=\"1414\" \/>\n\t<meta property=\"og:image:height\" content=\"513\" \/>\n\t<meta property=\"og:image:type\" content=\"image\/jpeg\" \/>\n<meta name=\"author\" content=\"Jaume Hervas\" \/>\n<meta name=\"twitter:card\" content=\"summary_large_image\" \/>\n<meta name=\"twitter:label1\" content=\"Escrito por\" \/>\n\t<meta name=\"twitter:data1\" content=\"Jaume Hervas\" \/>\n\t<meta name=\"twitter:label2\" content=\"Tiempo de lectura\" \/>\n\t<meta name=\"twitter:data2\" content=\"2 minutos\" \/>\n<script type=\"application\/ld+json\" class=\"yoast-schema-graph\">{\"@context\":\"https:\/\/schema.org\",\"@graph\":[{\"@type\":\"Article\",\"@id\":\"https:\/\/sanlucar.com\/es\/cerezas-vendo-y-para-mi-no-tengo\/#article\",\"isPartOf\":{\"@id\":\"https:\/\/sanlucar.com\/es\/cerezas-vendo-y-para-mi-no-tengo\/\"},\"author\":{\"name\":\"Jaume Hervas\",\"@id\":\"https:\/\/sanlucar.com\/#\/schema\/person\/8824e18d71aa5034d92479a1776f7e71\"},\"headline\":\"Cerezas vendo y para m\u00ed no tengo\u2026\",\"datePublished\":\"2023-04-11T11:53:07+00:00\",\"dateModified\":\"2024-07-18T10:35:08+00:00\",\"mainEntityOfPage\":{\"@id\":\"https:\/\/sanlucar.com\/es\/cerezas-vendo-y-para-mi-no-tengo\/\"},\"wordCount\":929,\"commentCount\":0,\"publisher\":{\"@id\":\"https:\/\/sanlucar.com\/#organization\"},\"image\":{\"@id\":\"https:\/\/sanlucar.com\/es\/cerezas-vendo-y-para-mi-no-tengo\/#primaryimage\"},\"thumbnailUrl\":\"https:\/\/sanlucar.com\/wp-content\/uploads\/2018\/03\/Kirschen-gibts-die-gibts-nicht.-HEADER.jpg\",\"articleSection\":[\"Diario de campo\"],\"inLanguage\":\"es\",\"potentialAction\":[{\"@type\":\"CommentAction\",\"name\":\"Comment\",\"target\":[\"https:\/\/sanlucar.com\/es\/cerezas-vendo-y-para-mi-no-tengo\/#respond\"]}]},{\"@type\":\"WebPage\",\"@id\":\"https:\/\/sanlucar.com\/es\/cerezas-vendo-y-para-mi-no-tengo\/\",\"url\":\"https:\/\/sanlucar.com\/es\/cerezas-vendo-y-para-mi-no-tengo\/\",\"name\":\"Cerezas vendo y para m\u00ed no tengo\u2026 | SanLucar\",\"isPartOf\":{\"@id\":\"https:\/\/sanlucar.com\/#website\"},\"primaryImageOfPage\":{\"@id\":\"https:\/\/sanlucar.com\/es\/cerezas-vendo-y-para-mi-no-tengo\/#primaryimage\"},\"image\":{\"@id\":\"https:\/\/sanlucar.com\/es\/cerezas-vendo-y-para-mi-no-tengo\/#primaryimage\"},\"thumbnailUrl\":\"https:\/\/sanlucar.com\/wp-content\/uploads\/2018\/03\/Kirschen-gibts-die-gibts-nicht.-HEADER.jpg\",\"datePublished\":\"2023-04-11T11:53:07+00:00\",\"dateModified\":\"2024-07-18T10:35:08+00:00\",\"breadcrumb\":{\"@id\":\"https:\/\/sanlucar.com\/es\/cerezas-vendo-y-para-mi-no-tengo\/#breadcrumb\"},\"inLanguage\":\"es\",\"potentialAction\":[{\"@type\":\"ReadAction\",\"target\":[\"https:\/\/sanlucar.com\/es\/cerezas-vendo-y-para-mi-no-tengo\/\"]}]},{\"@type\":\"ImageObject\",\"inLanguage\":\"es\",\"@id\":\"https:\/\/sanlucar.com\/es\/cerezas-vendo-y-para-mi-no-tengo\/#primaryimage\",\"url\":\"https:\/\/sanlucar.com\/wp-content\/uploads\/2018\/03\/Kirschen-gibts-die-gibts-nicht.-HEADER.jpg\",\"contentUrl\":\"https:\/\/sanlucar.com\/wp-content\/uploads\/2018\/03\/Kirschen-gibts-die-gibts-nicht.-HEADER.jpg\",\"width\":1414,\"height\":513,\"caption\":\"A close-up of fresh, ripe cherries with shiny red skin and green stems, glistening under natural sunlight.\"},{\"@type\":\"BreadcrumbList\",\"@id\":\"https:\/\/sanlucar.com\/es\/cerezas-vendo-y-para-mi-no-tengo\/#breadcrumb\",\"itemListElement\":[{\"@type\":\"ListItem\",\"position\":1,\"name\":\"Home\",\"item\":\"https:\/\/sanlucar.com\/es\/\"},{\"@type\":\"ListItem\",\"position\":2,\"name\":\"Cerezas vendo y para m\u00ed no tengo\u2026\"}]},{\"@type\":\"WebSite\",\"@id\":\"https:\/\/sanlucar.com\/#website\",\"url\":\"https:\/\/sanlucar.com\/\",\"name\":\"SanLucar\",\"description\":\"\",\"publisher\":{\"@id\":\"https:\/\/sanlucar.com\/#organization\"},\"potentialAction\":[{\"@type\":\"SearchAction\",\"target\":{\"@type\":\"EntryPoint\",\"urlTemplate\":\"https:\/\/sanlucar.com\/?s={search_term_string}\"},\"query-input\":{\"@type\":\"PropertyValueSpecification\",\"valueRequired\":true,\"valueName\":\"search_term_string\"}}],\"inLanguage\":\"es\"},{\"@type\":\"Organization\",\"@id\":\"https:\/\/sanlucar.com\/#organization\",\"name\":\"SanLucar\",\"url\":\"https:\/\/sanlucar.com\/\",\"logo\":{\"@type\":\"ImageObject\",\"inLanguage\":\"es\",\"@id\":\"https:\/\/sanlucar.com\/#\/schema\/logo\/image\/\",\"url\":\"https:\/\/sanlucar.com\/wp-content\/uploads\/2023\/01\/sanlucar-logo-onwhite.png\",\"contentUrl\":\"https:\/\/sanlucar.com\/wp-content\/uploads\/2023\/01\/sanlucar-logo-onwhite.png\",\"width\":800,\"height\":800,\"caption\":\"SanLucar\"},\"image\":{\"@id\":\"https:\/\/sanlucar.com\/#\/schema\/logo\/image\/\"},\"sameAs\":[\"https:\/\/www.facebook.com\/sanlucarfruit\",\"https:\/\/www.instagram.com\/sanlucarfruit\/\",\"https:\/\/www.youtube.com\/user\/SanLucar2009\",\"https:\/\/www.linkedin.com\/company\/sanlucar\/\"]},{\"@type\":\"Person\",\"@id\":\"https:\/\/sanlucar.com\/#\/schema\/person\/8824e18d71aa5034d92479a1776f7e71\",\"name\":\"Jaume Hervas\",\"url\":\"https:\/\/sanlucar.com\/es\/author\/sl_jaume\/\"}]}<\/script>\n<!-- \/ Yoast SEO plugin. -->","yoast_head_json":{"title":"Cerezas vendo y para m\u00ed no tengo\u2026 | SanLucar","robots":{"index":"index","follow":"follow","max-snippet":"max-snippet:-1","max-image-preview":"max-image-preview:large","max-video-preview":"max-video-preview:-1"},"canonical":"https:\/\/sanlucar.com\/es\/cerezas-vendo-y-para-mi-no-tengo\/","og_locale":"es_ES","og_type":"article","og_title":"Cerezas vendo y para m\u00ed no tengo\u2026 | SanLucar","og_url":"https:\/\/sanlucar.com\/es\/cerezas-vendo-y-para-mi-no-tengo\/","og_site_name":"SanLucar","article_publisher":"https:\/\/www.facebook.com\/sanlucarfruit","article_published_time":"2023-04-11T11:53:07+00:00","article_modified_time":"2024-07-18T10:35:08+00:00","og_image":[{"width":1414,"height":513,"url":"https:\/\/sanlucar.com\/wp-content\/uploads\/2018\/03\/Kirschen-gibts-die-gibts-nicht.-HEADER.jpg","type":"image\/jpeg"}],"author":"Jaume Hervas","twitter_card":"summary_large_image","twitter_misc":{"Escrito por":"Jaume Hervas","Tiempo de lectura":"2 minutos"},"schema":{"@context":"https:\/\/schema.org","@graph":[{"@type":"Article","@id":"https:\/\/sanlucar.com\/es\/cerezas-vendo-y-para-mi-no-tengo\/#article","isPartOf":{"@id":"https:\/\/sanlucar.com\/es\/cerezas-vendo-y-para-mi-no-tengo\/"},"author":{"name":"Jaume Hervas","@id":"https:\/\/sanlucar.com\/#\/schema\/person\/8824e18d71aa5034d92479a1776f7e71"},"headline":"Cerezas vendo y para m\u00ed no tengo\u2026","datePublished":"2023-04-11T11:53:07+00:00","dateModified":"2024-07-18T10:35:08+00:00","mainEntityOfPage":{"@id":"https:\/\/sanlucar.com\/es\/cerezas-vendo-y-para-mi-no-tengo\/"},"wordCount":929,"commentCount":0,"publisher":{"@id":"https:\/\/sanlucar.com\/#organization"},"image":{"@id":"https:\/\/sanlucar.com\/es\/cerezas-vendo-y-para-mi-no-tengo\/#primaryimage"},"thumbnailUrl":"https:\/\/sanlucar.com\/wp-content\/uploads\/2018\/03\/Kirschen-gibts-die-gibts-nicht.-HEADER.jpg","articleSection":["Diario de campo"],"inLanguage":"es","potentialAction":[{"@type":"CommentAction","name":"Comment","target":["https:\/\/sanlucar.com\/es\/cerezas-vendo-y-para-mi-no-tengo\/#respond"]}]},{"@type":"WebPage","@id":"https:\/\/sanlucar.com\/es\/cerezas-vendo-y-para-mi-no-tengo\/","url":"https:\/\/sanlucar.com\/es\/cerezas-vendo-y-para-mi-no-tengo\/","name":"Cerezas vendo y para m\u00ed no tengo\u2026 | SanLucar","isPartOf":{"@id":"https:\/\/sanlucar.com\/#website"},"primaryImageOfPage":{"@id":"https:\/\/sanlucar.com\/es\/cerezas-vendo-y-para-mi-no-tengo\/#primaryimage"},"image":{"@id":"https:\/\/sanlucar.com\/es\/cerezas-vendo-y-para-mi-no-tengo\/#primaryimage"},"thumbnailUrl":"https:\/\/sanlucar.com\/wp-content\/uploads\/2018\/03\/Kirschen-gibts-die-gibts-nicht.-HEADER.jpg","datePublished":"2023-04-11T11:53:07+00:00","dateModified":"2024-07-18T10:35:08+00:00","breadcrumb":{"@id":"https:\/\/sanlucar.com\/es\/cerezas-vendo-y-para-mi-no-tengo\/#breadcrumb"},"inLanguage":"es","potentialAction":[{"@type":"ReadAction","target":["https:\/\/sanlucar.com\/es\/cerezas-vendo-y-para-mi-no-tengo\/"]}]},{"@type":"ImageObject","inLanguage":"es","@id":"https:\/\/sanlucar.com\/es\/cerezas-vendo-y-para-mi-no-tengo\/#primaryimage","url":"https:\/\/sanlucar.com\/wp-content\/uploads\/2018\/03\/Kirschen-gibts-die-gibts-nicht.-HEADER.jpg","contentUrl":"https:\/\/sanlucar.com\/wp-content\/uploads\/2018\/03\/Kirschen-gibts-die-gibts-nicht.-HEADER.jpg","width":1414,"height":513,"caption":"A close-up of fresh, ripe cherries with shiny red skin and green stems, glistening under natural sunlight."},{"@type":"BreadcrumbList","@id":"https:\/\/sanlucar.com\/es\/cerezas-vendo-y-para-mi-no-tengo\/#breadcrumb","itemListElement":[{"@type":"ListItem","position":1,"name":"Home","item":"https:\/\/sanlucar.com\/es\/"},{"@type":"ListItem","position":2,"name":"Cerezas vendo y para m\u00ed no tengo\u2026"}]},{"@type":"WebSite","@id":"https:\/\/sanlucar.com\/#website","url":"https:\/\/sanlucar.com\/","name":"SanLucar","description":"","publisher":{"@id":"https:\/\/sanlucar.com\/#organization"},"potentialAction":[{"@type":"SearchAction","target":{"@type":"EntryPoint","urlTemplate":"https:\/\/sanlucar.com\/?s={search_term_string}"},"query-input":{"@type":"PropertyValueSpecification","valueRequired":true,"valueName":"search_term_string"}}],"inLanguage":"es"},{"@type":"Organization","@id":"https:\/\/sanlucar.com\/#organization","name":"SanLucar","url":"https:\/\/sanlucar.com\/","logo":{"@type":"ImageObject","inLanguage":"es","@id":"https:\/\/sanlucar.com\/#\/schema\/logo\/image\/","url":"https:\/\/sanlucar.com\/wp-content\/uploads\/2023\/01\/sanlucar-logo-onwhite.png","contentUrl":"https:\/\/sanlucar.com\/wp-content\/uploads\/2023\/01\/sanlucar-logo-onwhite.png","width":800,"height":800,"caption":"SanLucar"},"image":{"@id":"https:\/\/sanlucar.com\/#\/schema\/logo\/image\/"},"sameAs":["https:\/\/www.facebook.com\/sanlucarfruit","https:\/\/www.instagram.com\/sanlucarfruit\/","https:\/\/www.youtube.com\/user\/SanLucar2009","https:\/\/www.linkedin.com\/company\/sanlucar\/"]},{"@type":"Person","@id":"https:\/\/sanlucar.com\/#\/schema\/person\/8824e18d71aa5034d92479a1776f7e71","name":"Jaume Hervas","url":"https:\/\/sanlucar.com\/es\/author\/sl_jaume\/"}]}},"_links":{"self":[{"href":"https:\/\/sanlucar.com\/es\/wp-json\/wp\/v2\/posts\/14095","targetHints":{"allow":["GET"]}}],"collection":[{"href":"https:\/\/sanlucar.com\/es\/wp-json\/wp\/v2\/posts"}],"about":[{"href":"https:\/\/sanlucar.com\/es\/wp-json\/wp\/v2\/types\/post"}],"author":[{"embeddable":true,"href":"https:\/\/sanlucar.com\/es\/wp-json\/wp\/v2\/users\/12"}],"replies":[{"embeddable":true,"href":"https:\/\/sanlucar.com\/es\/wp-json\/wp\/v2\/comments?post=14095"}],"version-history":[{"count":2,"href":"https:\/\/sanlucar.com\/es\/wp-json\/wp\/v2\/posts\/14095\/revisions"}],"predecessor-version":[{"id":38658,"href":"https:\/\/sanlucar.com\/es\/wp-json\/wp\/v2\/posts\/14095\/revisions\/38658"}],"wp:featuredmedia":[{"embeddable":true,"href":"https:\/\/sanlucar.com\/es\/wp-json\/wp\/v2\/media\/35033"}],"wp:attachment":[{"href":"https:\/\/sanlucar.com\/es\/wp-json\/wp\/v2\/media?parent=14095"}],"wp:term":[{"taxonomy":"category","embeddable":true,"href":"https:\/\/sanlucar.com\/es\/wp-json\/wp\/v2\/categories?post=14095"},{"taxonomy":"post_tag","embeddable":true,"href":"https:\/\/sanlucar.com\/es\/wp-json\/wp\/v2\/tags?post=14095"}],"curies":[{"name":"wp","href":"https:\/\/api.w.org\/{rel}","templated":true}]}}