
{"id":15294,"date":"2009-12-04T10:07:16","date_gmt":"2009-12-04T09:07:16","guid":{"rendered":"https:\/\/sanlucar.dev.resonanz-digital.at\/?p=15294"},"modified":"2024-09-17T09:47:58","modified_gmt":"2024-09-17T07:47:58","slug":"fruta-para-diabeticos","status":"publish","type":"post","link":"https:\/\/sanlucar.com\/es\/fruta-para-diabeticos\/","title":{"rendered":"\u00bfFruta para diab\u00e9ticos?"},"content":{"rendered":"<div id='av_section_1'  class='avia-section av-dekk7w-27149693ed5282ce0751dcbf5287c000 main_color avia-section-default avia-no-border-styling  avia-builder-el-0  avia-builder-el-no-sibling  avia-bg-style-scroll container_wrap fullsize'  ><div class='container av-section-cont-open' ><main  role=\"main\" itemprop=\"mainContentOfPage\"  class='template-page content  av-content-full alpha units'><div class='post-entry post-entry-type-page post-entry-15294'><div class='entry-content-wrapper clearfix'>\n<div class='flex_column_table av-d316ik-34a2296224e693c8b06a736d9cb384e2 sc-av_one_half av-equal-height-column-flextable'><div  class='flex_column av-d316ik-34a2296224e693c8b06a736d9cb384e2 av_one_half  avia-builder-el-1  el_before_av_one_half  avia-builder-el-first  first flex_column_table_cell av-equal-height-column av-align-middle  '     ><section  class='av_textblock_section av-l42t20cc-e1f96027e4c06cfe7634c239e27e99bb '   itemscope=\"itemscope\" itemtype=\"https:\/\/schema.org\/BlogPosting\" itemprop=\"blogPost\" ><div class='avia_textblock'  itemprop=\"text\" ><p>Ingredientes beneficiosos, pero tambi\u00e9n az\u00facar. \u00bfQu\u00e9 peligro tiene la fruta para los diab\u00e9ticos?<\/p>\n<p>El placentero mordisco a un delicioso trozo de pastel de nata. Lamer una cucharada de mermelada: un tab\u00fa para los aproximadamente ocho millones de diab\u00e9ticos de este pa\u00eds. El alto contenido de az\u00facar de estos alimentos altera completamente los niveles de insulina. La alternativa dulce, sana y sabrosa es la fruta. Pero aqu\u00ed tambi\u00e9n es una cuesti\u00f3n de cantidad.<\/p>\n<p>Los dulces son siempre una gran tentaci\u00f3n. Como diab\u00e9tico, no es f\u00e1cil resistirse. Afortunadamente, la fruta es una alternativa muy sabrosa y, sobre todo, muy saludable, que adem\u00e1s sabe muy bien. Pero, \u00bfes eso realmente cierto? Como diab\u00e9tico, \u00bfpuedo comer fruta sin dudarlo? Al fin y al cabo, las frutas de la naturaleza contienen fructosa, glucosa y una sustancia parecida al az\u00facar, el sorbitol.<\/p>\n<p>Las buenas noticias: La fructosa y el sorbitol s\u00f3lo tienen un efecto d\u00e9bil sobre el az\u00facar en sangre.<\/p>\n<\/div><\/section><\/div><div class='av-flex-placeholder'><\/div><div  class='flex_column av-a6vtnw-14062bc1197de9778fcd17bb7badc8c3 av_one_half  avia-builder-el-3  el_after_av_one_half  el_before_av_one_half  flex_column_table_cell av-equal-height-column av-align-middle  '     ><style type=\"text\/css\" data-created_by=\"avia_inline_auto\" id=\"style-css-av-l42t47wo-299a9d9d6a7e36774ada6bd150f16267\">\n.avia-image-container.av-l42t47wo-299a9d9d6a7e36774ada6bd150f16267 .av-image-caption-overlay-center{\ncolor:#ffffff;\n}\n<\/style>\n<div  class='avia-image-container av-l42t47wo-299a9d9d6a7e36774ada6bd150f16267 av-styling- avia-align-  avia-builder-el-4  avia-builder-el-no-sibling '  itemprop=\"image\" itemscope=\"itemscope\" itemtype=\"https:\/\/schema.org\/ImageObject\" ><div class=\"avia-image-container-inner\"><div class=\"avia-image-overlay-wrap\"><picture><source media='(max-width:300px)' srcset='https:\/\/sanlucar.com\/wp-content\/uploads\/2009\/12\/orangenM-300x269.jpg'><source media='(max-width:550px)' srcset='https:\/\/sanlucar.com\/wp-content\/uploads\/2009\/12\/orangenM.jpg'><img decoding=\"async\" class='avia_image ' src=\"https:\/\/sanlucar.com\/wp-content\/uploads\/2009\/12\/orangenM.jpg\" alt='Man harvesting fresh oranges \u2013 high-quality, sun-ripened citrus fruits picked with care' title='orangenM'\/><\/picture><\/div><\/div><\/div><\/div><\/div><!--close column table wrapper. Autoclose: 1 --><div class='flex_column_table av-9m4v8c-9d8a08eb92714e3d97793dcee56451ec sc-av_one_half av-mobile-columns-flex av-columns-reverse av-equal-height-column-flextable'><div  class='flex_column av-9m4v8c-9d8a08eb92714e3d97793dcee56451ec av_one_half  avia-builder-el-5  el_after_av_one_half  el_before_av_one_half  first flex_column_table_cell av-equal-height-column av-align-middle  column-top-margin'     ><style type=\"text\/css\" data-created_by=\"avia_inline_auto\" id=\"style-css-av-l42t5b7l-35ca0bbb7e3f9935058673898e6db174\">\n.avia-image-container.av-l42t5b7l-35ca0bbb7e3f9935058673898e6db174 .av-image-caption-overlay-center{\ncolor:#ffffff;\n}\n<\/style>\n<div  class='avia-image-container av-l42t5b7l-35ca0bbb7e3f9935058673898e6db174 av-styling- avia-align-  avia-builder-el-6  avia-builder-el-no-sibling '  itemprop=\"image\" itemscope=\"itemscope\" itemtype=\"https:\/\/schema.org\/ImageObject\" ><div class=\"avia-image-container-inner\"><div class=\"avia-image-overlay-wrap\"><picture><source media='(max-width:300px)' srcset='https:\/\/sanlucar.com\/wp-content\/uploads\/2024\/08\/Apffel_lose_logo-300x281.png'><source media='(max-width:600px)' srcset='https:\/\/sanlucar.com\/wp-content\/uploads\/2024\/08\/Apffel_lose_logo.png'><img decoding=\"async\" class='avia_image ' src=\"https:\/\/sanlucar.com\/wp-content\/uploads\/2024\/08\/Apffel_lose_logo.png\" alt='Apple loose logo \u2013 a branding icon representing fresh, high-quality apples.' title='\u00c4pffel_lose_logo'\/><\/picture><\/div><\/div><\/div><\/div><div class='av-flex-placeholder'><\/div><div  class='flex_column av-87w3ho-c2b86b1626158f52f76b44f8bde67639 av_one_half  avia-builder-el-7  el_after_av_one_half  avia-builder-el-last  flex_column_table_cell av-equal-height-column av-align-middle  column-top-margin'     ><section  class='av_textblock_section av-l42t6by8-bc52416972f253923f77737cbe63648a '   itemscope=\"itemscope\" itemtype=\"https:\/\/schema.org\/BlogPosting\" itemprop=\"blogPost\" ><div class='avia_textblock'  itemprop=\"text\" ><p>Y el efecto de la glucosa se ve frenado por el alto contenido en fibra de la fruta. Entonces, \u00bfpuedo festejar sin preocuparme? El profesor Thomas Haak, director m\u00e9dico del Centro de Diabetes de Bad Mergentheim, nos da la respuesta: \u00abLa fruta es definitivamente recomendable para los diab\u00e9ticos, pero no en cantidades excesivas. Mi recomendaci\u00f3n pr\u00e1ctica es: una raci\u00f3n diaria de fruta que quepa en las manos con forma de cuenco es ideal. Puede ser una manzana y una pera, o un pu\u00f1ado de frutas blandas\u00bb.<\/p>\n<p>Tambi\u00e9n sigue siendo importante saberlo: Las frutas <a href=\"https:\/\/sanlucar.com\/es\/frutos\/frutas-verduras\/exoticos\/\">ex\u00f3ticas<\/a> como los <a href=\"https:\/\/sanlucar.com\/es\/frutos\/frutas-verduras\/exoticos\/mangos\/\">mangos<\/a>, las papayas, los higos y los pl\u00e1tanos hacen que los niveles de az\u00facar en sangre aumenten muy r\u00e1pidamente. No es necesario que renuncies a ellos, pero s\u00ed que te contengas un poco. Puedes disfrutar de manzanas, peras, <a href=\"https:\/\/sanlucar.com\/es\/frutos\/citricos\/naranjas\/\">naranjas<\/a> y <a href=\"https:\/\/sanlucar.com\/es\/frutos\/citricos\/mandarinas\/\">clementinas<\/a> sin dudarlo.<\/p>\n<p>Puede encontrar m\u00e1s informaci\u00f3n sobre este tema en Internet, en <a href=\"http:\/\/www.diabetiker-ratgeber.de\">www.diabetiker-ratgeber.de<\/a>.<\/p>\n<\/div><\/section><\/div><\/div><!--close column table wrapper. Autoclose: 1 -->\n","protected":false},"excerpt":{"rendered":"","protected":false},"author":12,"featured_media":34039,"comment_status":"open","ping_status":"open","sticky":false,"template":"","format":"standard","meta":{"_acf_changed":false,"footnotes":""},"categories":[68,60],"tags":[],"class_list":["post-15294","post","type-post","status-publish","format-standard","has-post-thumbnail","hentry","category-bueno-y-sano","category-consejos-de-nutricion"],"acf":[],"yoast_head":"<!-- This site is optimized with the Yoast SEO plugin v27.0 - https:\/\/yoast.com\/product\/yoast-seo-wordpress\/ -->\n<title>\u00bfFruta para diab\u00e9ticos? | SanLucar<\/title>\n<meta name=\"robots\" content=\"index, follow, max-snippet:-1, max-image-preview:large, max-video-preview:-1\" \/>\n<link rel=\"canonical\" href=\"https:\/\/sanlucar.com\/es\/fruta-para-diabeticos\/\" \/>\n<meta property=\"og:locale\" content=\"es_ES\" \/>\n<meta property=\"og:type\" content=\"article\" \/>\n<meta property=\"og:title\" content=\"\u00bfFruta para diab\u00e9ticos? | SanLucar\" \/>\n<meta property=\"og:url\" content=\"https:\/\/sanlucar.com\/es\/fruta-para-diabeticos\/\" \/>\n<meta property=\"og:site_name\" content=\"SanLucar\" \/>\n<meta property=\"article:publisher\" content=\"https:\/\/www.facebook.com\/sanlucarfruit\" \/>\n<meta property=\"article:published_time\" content=\"2009-12-04T09:07:16+00:00\" \/>\n<meta property=\"article:modified_time\" content=\"2024-09-17T07:47:58+00:00\" \/>\n<meta property=\"og:image\" content=\"https:\/\/sanlucar.com\/wp-content\/uploads\/2022\/05\/Diabetiker_Header-1030x687.jpg\" \/>\n\t<meta property=\"og:image:width\" content=\"1030\" \/>\n\t<meta property=\"og:image:height\" content=\"687\" \/>\n\t<meta property=\"og:image:type\" content=\"image\/jpeg\" \/>\n<meta name=\"author\" content=\"Jaume Hervas\" \/>\n<meta name=\"twitter:card\" content=\"summary_large_image\" \/>\n<meta name=\"twitter:label1\" content=\"Escrito por\" \/>\n\t<meta name=\"twitter:data1\" content=\"Jaume Hervas\" \/>\n\t<meta name=\"twitter:label2\" content=\"Tiempo de lectura\" \/>\n\t<meta name=\"twitter:data2\" content=\"2 minutos\" \/>\n<script type=\"application\/ld+json\" class=\"yoast-schema-graph\">{\"@context\":\"https:\/\/schema.org\",\"@graph\":[{\"@type\":\"Article\",\"@id\":\"https:\/\/sanlucar.com\/es\/fruta-para-diabeticos\/#article\",\"isPartOf\":{\"@id\":\"https:\/\/sanlucar.com\/es\/fruta-para-diabeticos\/\"},\"author\":{\"name\":\"Jaume Hervas\",\"@id\":\"https:\/\/sanlucar.com\/#\/schema\/person\/8824e18d71aa5034d92479a1776f7e71\"},\"headline\":\"\u00bfFruta para diab\u00e9ticos?\",\"datePublished\":\"2009-12-04T09:07:16+00:00\",\"dateModified\":\"2024-09-17T07:47:58+00:00\",\"mainEntityOfPage\":{\"@id\":\"https:\/\/sanlucar.com\/es\/fruta-para-diabeticos\/\"},\"wordCount\":1514,\"commentCount\":0,\"publisher\":{\"@id\":\"https:\/\/sanlucar.com\/#organization\"},\"image\":{\"@id\":\"https:\/\/sanlucar.com\/es\/fruta-para-diabeticos\/#primaryimage\"},\"thumbnailUrl\":\"https:\/\/sanlucar.com\/wp-content\/uploads\/2009\/12\/Header-apple-1414x513-1.jpg\",\"articleSection\":[\"Bueno y sano\",\"Consejos de nutrici\u00f3n\"],\"inLanguage\":\"es\",\"potentialAction\":[{\"@type\":\"CommentAction\",\"name\":\"Comment\",\"target\":[\"https:\/\/sanlucar.com\/es\/fruta-para-diabeticos\/#respond\"]}]},{\"@type\":\"WebPage\",\"@id\":\"https:\/\/sanlucar.com\/es\/fruta-para-diabeticos\/\",\"url\":\"https:\/\/sanlucar.com\/es\/fruta-para-diabeticos\/\",\"name\":\"\u00bfFruta para diab\u00e9ticos? | SanLucar\",\"isPartOf\":{\"@id\":\"https:\/\/sanlucar.com\/#website\"},\"primaryImageOfPage\":{\"@id\":\"https:\/\/sanlucar.com\/es\/fruta-para-diabeticos\/#primaryimage\"},\"image\":{\"@id\":\"https:\/\/sanlucar.com\/es\/fruta-para-diabeticos\/#primaryimage\"},\"thumbnailUrl\":\"https:\/\/sanlucar.com\/wp-content\/uploads\/2009\/12\/Header-apple-1414x513-1.jpg\",\"datePublished\":\"2009-12-04T09:07:16+00:00\",\"dateModified\":\"2024-09-17T07:47:58+00:00\",\"breadcrumb\":{\"@id\":\"https:\/\/sanlucar.com\/es\/fruta-para-diabeticos\/#breadcrumb\"},\"inLanguage\":\"es\",\"potentialAction\":[{\"@type\":\"ReadAction\",\"target\":[\"https:\/\/sanlucar.com\/es\/fruta-para-diabeticos\/\"]}]},{\"@type\":\"ImageObject\",\"inLanguage\":\"es\",\"@id\":\"https:\/\/sanlucar.com\/es\/fruta-para-diabeticos\/#primaryimage\",\"url\":\"https:\/\/sanlucar.com\/wp-content\/uploads\/2009\/12\/Header-apple-1414x513-1.jpg\",\"contentUrl\":\"https:\/\/sanlucar.com\/wp-content\/uploads\/2009\/12\/Header-apple-1414x513-1.jpg\",\"width\":1414,\"height\":513,\"caption\":\"image featuring fresh, vibrant apples on a rustic surface, highlighting premium produce.\"},{\"@type\":\"BreadcrumbList\",\"@id\":\"https:\/\/sanlucar.com\/es\/fruta-para-diabeticos\/#breadcrumb\",\"itemListElement\":[{\"@type\":\"ListItem\",\"position\":1,\"name\":\"Home\",\"item\":\"https:\/\/sanlucar.com\/es\/\"},{\"@type\":\"ListItem\",\"position\":2,\"name\":\"\u00bfFruta para diab\u00e9ticos?\"}]},{\"@type\":\"WebSite\",\"@id\":\"https:\/\/sanlucar.com\/#website\",\"url\":\"https:\/\/sanlucar.com\/\",\"name\":\"SanLucar\",\"description\":\"\",\"publisher\":{\"@id\":\"https:\/\/sanlucar.com\/#organization\"},\"potentialAction\":[{\"@type\":\"SearchAction\",\"target\":{\"@type\":\"EntryPoint\",\"urlTemplate\":\"https:\/\/sanlucar.com\/?s={search_term_string}\"},\"query-input\":{\"@type\":\"PropertyValueSpecification\",\"valueRequired\":true,\"valueName\":\"search_term_string\"}}],\"inLanguage\":\"es\"},{\"@type\":\"Organization\",\"@id\":\"https:\/\/sanlucar.com\/#organization\",\"name\":\"SanLucar\",\"url\":\"https:\/\/sanlucar.com\/\",\"logo\":{\"@type\":\"ImageObject\",\"inLanguage\":\"es\",\"@id\":\"https:\/\/sanlucar.com\/#\/schema\/logo\/image\/\",\"url\":\"https:\/\/sanlucar.com\/wp-content\/uploads\/2023\/01\/sanlucar-logo-onwhite.png\",\"contentUrl\":\"https:\/\/sanlucar.com\/wp-content\/uploads\/2023\/01\/sanlucar-logo-onwhite.png\",\"width\":800,\"height\":800,\"caption\":\"SanLucar\"},\"image\":{\"@id\":\"https:\/\/sanlucar.com\/#\/schema\/logo\/image\/\"},\"sameAs\":[\"https:\/\/www.facebook.com\/sanlucarfruit\",\"https:\/\/www.instagram.com\/sanlucarfruit\/\",\"https:\/\/www.youtube.com\/user\/SanLucar2009\",\"https:\/\/www.linkedin.com\/company\/sanlucar\/\"]},{\"@type\":\"Person\",\"@id\":\"https:\/\/sanlucar.com\/#\/schema\/person\/8824e18d71aa5034d92479a1776f7e71\",\"name\":\"Jaume Hervas\",\"url\":\"https:\/\/sanlucar.com\/es\/author\/sl_jaume\/\"}]}<\/script>\n<!-- \/ Yoast SEO plugin. -->","yoast_head_json":{"title":"\u00bfFruta para diab\u00e9ticos? | SanLucar","robots":{"index":"index","follow":"follow","max-snippet":"max-snippet:-1","max-image-preview":"max-image-preview:large","max-video-preview":"max-video-preview:-1"},"canonical":"https:\/\/sanlucar.com\/es\/fruta-para-diabeticos\/","og_locale":"es_ES","og_type":"article","og_title":"\u00bfFruta para diab\u00e9ticos? | SanLucar","og_url":"https:\/\/sanlucar.com\/es\/fruta-para-diabeticos\/","og_site_name":"SanLucar","article_publisher":"https:\/\/www.facebook.com\/sanlucarfruit","article_published_time":"2009-12-04T09:07:16+00:00","article_modified_time":"2024-09-17T07:47:58+00:00","og_image":[{"width":1030,"height":687,"url":"https:\/\/sanlucar.com\/wp-content\/uploads\/2022\/05\/Diabetiker_Header-1030x687.jpg","type":"image\/jpeg"}],"author":"Jaume Hervas","twitter_card":"summary_large_image","twitter_misc":{"Escrito por":"Jaume Hervas","Tiempo de lectura":"2 minutos"},"schema":{"@context":"https:\/\/schema.org","@graph":[{"@type":"Article","@id":"https:\/\/sanlucar.com\/es\/fruta-para-diabeticos\/#article","isPartOf":{"@id":"https:\/\/sanlucar.com\/es\/fruta-para-diabeticos\/"},"author":{"name":"Jaume Hervas","@id":"https:\/\/sanlucar.com\/#\/schema\/person\/8824e18d71aa5034d92479a1776f7e71"},"headline":"\u00bfFruta para diab\u00e9ticos?","datePublished":"2009-12-04T09:07:16+00:00","dateModified":"2024-09-17T07:47:58+00:00","mainEntityOfPage":{"@id":"https:\/\/sanlucar.com\/es\/fruta-para-diabeticos\/"},"wordCount":1514,"commentCount":0,"publisher":{"@id":"https:\/\/sanlucar.com\/#organization"},"image":{"@id":"https:\/\/sanlucar.com\/es\/fruta-para-diabeticos\/#primaryimage"},"thumbnailUrl":"https:\/\/sanlucar.com\/wp-content\/uploads\/2009\/12\/Header-apple-1414x513-1.jpg","articleSection":["Bueno y sano","Consejos de nutrici\u00f3n"],"inLanguage":"es","potentialAction":[{"@type":"CommentAction","name":"Comment","target":["https:\/\/sanlucar.com\/es\/fruta-para-diabeticos\/#respond"]}]},{"@type":"WebPage","@id":"https:\/\/sanlucar.com\/es\/fruta-para-diabeticos\/","url":"https:\/\/sanlucar.com\/es\/fruta-para-diabeticos\/","name":"\u00bfFruta para diab\u00e9ticos? | SanLucar","isPartOf":{"@id":"https:\/\/sanlucar.com\/#website"},"primaryImageOfPage":{"@id":"https:\/\/sanlucar.com\/es\/fruta-para-diabeticos\/#primaryimage"},"image":{"@id":"https:\/\/sanlucar.com\/es\/fruta-para-diabeticos\/#primaryimage"},"thumbnailUrl":"https:\/\/sanlucar.com\/wp-content\/uploads\/2009\/12\/Header-apple-1414x513-1.jpg","datePublished":"2009-12-04T09:07:16+00:00","dateModified":"2024-09-17T07:47:58+00:00","breadcrumb":{"@id":"https:\/\/sanlucar.com\/es\/fruta-para-diabeticos\/#breadcrumb"},"inLanguage":"es","potentialAction":[{"@type":"ReadAction","target":["https:\/\/sanlucar.com\/es\/fruta-para-diabeticos\/"]}]},{"@type":"ImageObject","inLanguage":"es","@id":"https:\/\/sanlucar.com\/es\/fruta-para-diabeticos\/#primaryimage","url":"https:\/\/sanlucar.com\/wp-content\/uploads\/2009\/12\/Header-apple-1414x513-1.jpg","contentUrl":"https:\/\/sanlucar.com\/wp-content\/uploads\/2009\/12\/Header-apple-1414x513-1.jpg","width":1414,"height":513,"caption":"image featuring fresh, vibrant apples on a rustic surface, highlighting premium produce."},{"@type":"BreadcrumbList","@id":"https:\/\/sanlucar.com\/es\/fruta-para-diabeticos\/#breadcrumb","itemListElement":[{"@type":"ListItem","position":1,"name":"Home","item":"https:\/\/sanlucar.com\/es\/"},{"@type":"ListItem","position":2,"name":"\u00bfFruta para diab\u00e9ticos?"}]},{"@type":"WebSite","@id":"https:\/\/sanlucar.com\/#website","url":"https:\/\/sanlucar.com\/","name":"SanLucar","description":"","publisher":{"@id":"https:\/\/sanlucar.com\/#organization"},"potentialAction":[{"@type":"SearchAction","target":{"@type":"EntryPoint","urlTemplate":"https:\/\/sanlucar.com\/?s={search_term_string}"},"query-input":{"@type":"PropertyValueSpecification","valueRequired":true,"valueName":"search_term_string"}}],"inLanguage":"es"},{"@type":"Organization","@id":"https:\/\/sanlucar.com\/#organization","name":"SanLucar","url":"https:\/\/sanlucar.com\/","logo":{"@type":"ImageObject","inLanguage":"es","@id":"https:\/\/sanlucar.com\/#\/schema\/logo\/image\/","url":"https:\/\/sanlucar.com\/wp-content\/uploads\/2023\/01\/sanlucar-logo-onwhite.png","contentUrl":"https:\/\/sanlucar.com\/wp-content\/uploads\/2023\/01\/sanlucar-logo-onwhite.png","width":800,"height":800,"caption":"SanLucar"},"image":{"@id":"https:\/\/sanlucar.com\/#\/schema\/logo\/image\/"},"sameAs":["https:\/\/www.facebook.com\/sanlucarfruit","https:\/\/www.instagram.com\/sanlucarfruit\/","https:\/\/www.youtube.com\/user\/SanLucar2009","https:\/\/www.linkedin.com\/company\/sanlucar\/"]},{"@type":"Person","@id":"https:\/\/sanlucar.com\/#\/schema\/person\/8824e18d71aa5034d92479a1776f7e71","name":"Jaume Hervas","url":"https:\/\/sanlucar.com\/es\/author\/sl_jaume\/"}]}},"_links":{"self":[{"href":"https:\/\/sanlucar.com\/es\/wp-json\/wp\/v2\/posts\/15294","targetHints":{"allow":["GET"]}}],"collection":[{"href":"https:\/\/sanlucar.com\/es\/wp-json\/wp\/v2\/posts"}],"about":[{"href":"https:\/\/sanlucar.com\/es\/wp-json\/wp\/v2\/types\/post"}],"author":[{"embeddable":true,"href":"https:\/\/sanlucar.com\/es\/wp-json\/wp\/v2\/users\/12"}],"replies":[{"embeddable":true,"href":"https:\/\/sanlucar.com\/es\/wp-json\/wp\/v2\/comments?post=15294"}],"version-history":[{"count":2,"href":"https:\/\/sanlucar.com\/es\/wp-json\/wp\/v2\/posts\/15294\/revisions"}],"predecessor-version":[{"id":43598,"href":"https:\/\/sanlucar.com\/es\/wp-json\/wp\/v2\/posts\/15294\/revisions\/43598"}],"wp:featuredmedia":[{"embeddable":true,"href":"https:\/\/sanlucar.com\/es\/wp-json\/wp\/v2\/media\/34039"}],"wp:attachment":[{"href":"https:\/\/sanlucar.com\/es\/wp-json\/wp\/v2\/media?parent=15294"}],"wp:term":[{"taxonomy":"category","embeddable":true,"href":"https:\/\/sanlucar.com\/es\/wp-json\/wp\/v2\/categories?post=15294"},{"taxonomy":"post_tag","embeddable":true,"href":"https:\/\/sanlucar.com\/es\/wp-json\/wp\/v2\/tags?post=15294"}],"curies":[{"name":"wp","href":"https:\/\/api.w.org\/{rel}","templated":true}]}}