
{"id":15651,"date":"2023-08-05T16:32:34","date_gmt":"2023-08-05T14:32:34","guid":{"rendered":"https:\/\/sanlucar.dev.resonanz-digital.at\/?p=15651"},"modified":"2024-06-04T15:43:29","modified_gmt":"2024-06-04T13:43:29","slug":"un-dulce-refresco-para-los-dias-de-verano","status":"publish","type":"post","link":"https:\/\/sanlucar.com\/es\/un-dulce-refresco-para-los-dias-de-verano\/","title":{"rendered":"Un dulce refresco para los d\u00edas de verano."},"content":{"rendered":"<div id='av_section_1'  class='avia-section av-18fuha-b8e36998f51cc8140ca628a15535cdb9 main_color avia-section-default avia-no-border-styling  avia-builder-el-0  avia-builder-el-no-sibling  avia-bg-style-scroll container_wrap fullsize'  ><div class='container av-section-cont-open' ><main  role=\"main\" itemprop=\"mainContentOfPage\"  class='template-page content  av-content-full alpha units'><div class='post-entry post-entry-type-page post-entry-15651'><div class='entry-content-wrapper clearfix'>\n<div class='flex_column_table av-13khza-556bab55082129788c71dd88c375c2ed sc-av_one_half av-equal-height-column-flextable'><div  class='flex_column av-13khza-556bab55082129788c71dd88c375c2ed av_one_half  avia-builder-el-1  el_before_av_one_half  avia-builder-el-first  first flex_column_table_cell av-equal-height-column av-align-middle  '     ><section  class='av_textblock_section av-l42u9ho1-25772ee8d074ee11dbe812bda93bc720 '   itemscope=\"itemscope\" itemtype=\"https:\/\/schema.org\/BlogPosting\" itemprop=\"blogPost\" ><div class='avia_textblock'  itemprop=\"text\" ><p>Hoy os presentamos otro de nuestros frutos. Su reducida proporci\u00f3n de az\u00facar frente al gran porcentaje de agua que tiene (\u00a1hasta el 95!) la convierte en el \u00e9xito del verano para quienes quieren guardar la l\u00ednea.<\/p>\n<p>Pero es que adem\u00e1s es tan refrescante como un helado gigante, un c\u00f3ctel y un chapuz\u00f3n en la piscina\u2026 nos endulza a la perfecci\u00f3n los calurosos d\u00edas de verano. Estamos hablando de nuestra sand\u00eda SanLucar. A continuaci\u00f3n os desvelamos qui\u00e9n es, de d\u00f3nde viene y qu\u00e9 beneficios tiene.<\/p>\n<h3>El cultivo de la sand\u00eda SanLucar<\/h3>\n<p>Las sand\u00edas son diosas del sol. Por eso, en ning\u00fan momento dudamos que crecer\u00edan de lujo en el sur de Espa\u00f1a, en zonas muy mimadas por el sol. Nuestros maestros agricultores de all\u00ed hace a\u00f1os que se han especializado en el cultivo de este fruto tan veraniego. Y como la experiencia hace al maestro, saben perfectamente c\u00f3mo hacer que las suyas sean las sand\u00edas m\u00e1s sabrosas, jugosas y dulces. Suerte que podemos disfrutar de ellas todo el verano e incluso un poco m\u00e1s, ya que la cosecha empieza en abril y termina en septiembre.<\/p>\n<p>Al no ser un fruto climat\u00e9rico, la sand\u00eda debe recolectarse una vez ha madurado del todo. Al comenzar la temporada resulta dif\u00edcil determinar el grado de madurez de los frutos, pero a nuestros maestros agricultores de Almer\u00eda les basta con abrirlos para controlar f\u00e1cilmente si han madurado del todo. Cuando est\u00e1n en el punto perfecto de maduraci\u00f3n, los recolectan a mano, seleccion\u00e1ndolos uno a uno con gran cuidado. Cuanto m\u00e1s avanzada la temporada, m\u00e1s f\u00e1cil resulta cosechar sand\u00edas bien maduradas.<\/p>\n<\/div><\/section><\/div><div class='av-flex-placeholder'><\/div><div  class='flex_column av-ye8qe-7b80910188db6c50bae4cd2cb003b3c6 av_one_half  avia-builder-el-3  el_after_av_one_half  el_before_av_one_half  flex_column_table_cell av-equal-height-column av-align-middle  '     ><style type=\"text\/css\" data-created_by=\"avia_inline_auto\" id=\"style-css-av-l42uahka-6da54274d8eacbe786429454bf7ba4ba\">\n.avia-image-container.av-l42uahka-6da54274d8eacbe786429454bf7ba4ba .av-image-caption-overlay-center{\ncolor:#ffffff;\n}\n<\/style>\n<div  class='avia-image-container av-l42uahka-6da54274d8eacbe786429454bf7ba4ba av-styling- avia-align-  avia-builder-el-4  avia-builder-el-no-sibling '  itemprop=\"image\" itemscope=\"itemscope\" itemtype=\"https:\/\/schema.org\/ImageObject\" ><div class=\"avia-image-container-inner\"><div class=\"avia-image-overlay-wrap\"><picture><source media='(max-width:220px)' srcset='https:\/\/sanlucar.com\/wp-content\/uploads\/2017\/07\/Suse-Erfrischung-fur-heise-Tage-1-220x300.jpg'><source media='(max-width:517px)' srcset='https:\/\/sanlucar.com\/wp-content\/uploads\/2017\/07\/Suse-Erfrischung-fur-heise-Tage-1-517x705.jpg'><source media='(max-width:550px)' srcset='https:\/\/sanlucar.com\/wp-content\/uploads\/2017\/07\/Suse-Erfrischung-fur-heise-Tage-1.jpg'><img decoding=\"async\" class='avia_image ' src=\"https:\/\/sanlucar.com\/wp-content\/uploads\/2017\/07\/Suse-Erfrischung-fur-heise-Tage-1.jpg\" alt='' title='S\u00fc\u00dfe Erfrischung f\u00fcr hei\u00dfe Tage'\/><\/picture><\/div><\/div><\/div><\/div><\/div><!--close column table wrapper. Autoclose: 1 --><div class='flex_column_table av-4crrwg-f71f8d331da5895febf68cb28a93d20c sc-av_one_half av-mobile-columns-flex av-columns-reverse av-equal-height-column-flextable'><div  class='flex_column av-4crrwg-f71f8d331da5895febf68cb28a93d20c av_one_half  avia-builder-el-5  el_after_av_one_half  el_before_av_one_half  first flex_column_table_cell av-equal-height-column av-align-middle  column-top-margin'     ><style type=\"text\/css\" data-created_by=\"avia_inline_auto\" id=\"style-css-av-l42wbsld-7bf940f0d27c5adf32b8557d6404905a\">\n.avia-image-container.av-l42wbsld-7bf940f0d27c5adf32b8557d6404905a .av-image-caption-overlay-center{\ncolor:#ffffff;\n}\n<\/style>\n<div  class='avia-image-container av-l42wbsld-7bf940f0d27c5adf32b8557d6404905a av-styling- avia-align-  avia-builder-el-6  avia-builder-el-no-sibling '  itemprop=\"image\" itemscope=\"itemscope\" itemtype=\"https:\/\/schema.org\/ImageObject\" ><div class=\"avia-image-container-inner\"><div class=\"avia-image-overlay-wrap\"><picture><source media='(max-width:275px)' srcset='https:\/\/sanlucar.com\/wp-content\/uploads\/2023\/08\/Suse-Erfrischung-fur-heise-Tage.eng_-275x300.jpg'><source media='(max-width:550px)' srcset='https:\/\/sanlucar.com\/wp-content\/uploads\/2023\/08\/Suse-Erfrischung-fur-heise-Tage.eng_.jpg'><img decoding=\"async\" class='avia_image ' src=\"https:\/\/sanlucar.com\/wp-content\/uploads\/2023\/08\/Suse-Erfrischung-fur-heise-Tage.eng_.jpg\" alt='' title='S\u00fc\u00dfe Erfrischung f\u00fcr hei\u00dfe Tage.eng'\/><\/picture><\/div><\/div><\/div><\/div><div class='av-flex-placeholder'><\/div><div  class='flex_column av-2sno4e-77474c8617ee6271e38622a374e8d1c9 av_one_half  avia-builder-el-7  el_after_av_one_half  avia-builder-el-last  flex_column_table_cell av-equal-height-column av-align-middle  column-top-margin'     ><section  class='av_textblock_section av-l42uwmwd-cb0f942959bef84b3345191c13759b57 '   itemscope=\"itemscope\" itemtype=\"https:\/\/schema.org\/BlogPosting\" itemprop=\"blogPost\" ><div class='avia_textblock'  itemprop=\"text\" ><h3>El golpecito en la corteza: \u00bfla prueba del algod\u00f3n para las sand\u00edas?<\/h3>\n<p>La popular prueba que consiste en dar unos golpecitos a la corteza para determinar el grado de maduraci\u00f3n no es demasiado segura, ya que solo determina la tersura de la pulpa. Solo al final de la temporada, si al darle unos golpecitos obtenemos un sonido hueco y sordo, sabremos que la pulpa no est\u00e1 tersa y probablemente el fruto ha madurado demasiado y est\u00e1 pasado.<\/p>\n<h3>Consejos SanLucar: c\u00f3mo conservar la sand\u00eda<\/h3>\n<p>Si ha madurado completamente, tanto si est\u00e1 cortada en mitades o cuartos como si no, se aconseja conservarla en la nevera a unos 8 o 10 \u00baC y consumirla r\u00e1pidamente, pues aguanta poco. Tambi\u00e9n hay que tener en cuenta que la nevera no es el lugar ideal para ella, pues all\u00ed pierde sabor y toma el aroma de otros alimentos. Si est\u00e1 cortada, lo mejor es conservarla en film transparente para evitar que se seque.<\/p>\n<\/div><\/section><\/div><\/div><!--close column table wrapper. Autoclose: 1 -->\n","protected":false},"excerpt":{"rendered":"","protected":false},"author":12,"featured_media":22639,"comment_status":"open","ping_status":"open","sticky":false,"template":"","format":"standard","meta":{"_acf_changed":false,"footnotes":""},"categories":[51,63],"tags":[],"class_list":["post-15651","post","type-post","status-publish","format-standard","has-post-thumbnail","hentry","category-noticias","category-sobre-la-fruta"],"acf":[],"yoast_head":"<!-- This site is optimized with the Yoast SEO plugin v27.0 - https:\/\/yoast.com\/product\/yoast-seo-wordpress\/ -->\n<title>Un dulce refresco para los d\u00edas de verano. | SanLucar<\/title>\n<meta name=\"robots\" content=\"index, follow, max-snippet:-1, max-image-preview:large, max-video-preview:-1\" \/>\n<link rel=\"canonical\" href=\"https:\/\/sanlucar.com\/es\/un-dulce-refresco-para-los-dias-de-verano\/\" \/>\n<meta property=\"og:locale\" content=\"es_ES\" \/>\n<meta property=\"og:type\" content=\"article\" \/>\n<meta property=\"og:title\" content=\"Un dulce refresco para los d\u00edas de verano. | SanLucar\" \/>\n<meta property=\"og:url\" content=\"https:\/\/sanlucar.com\/es\/un-dulce-refresco-para-los-dias-de-verano\/\" \/>\n<meta property=\"og:site_name\" content=\"SanLucar\" \/>\n<meta property=\"article:publisher\" content=\"https:\/\/www.facebook.com\/sanlucarfruit\" \/>\n<meta property=\"article:published_time\" content=\"2023-08-05T14:32:34+00:00\" \/>\n<meta property=\"article:modified_time\" content=\"2024-06-04T13:43:29+00:00\" \/>\n<meta property=\"og:image\" content=\"https:\/\/sanlucar.com\/wp-content\/uploads\/2022\/06\/Wassermelone_Header.jpg\" \/>\n\t<meta property=\"og:image:width\" content=\"2400\" \/>\n\t<meta property=\"og:image:height\" content=\"1600\" \/>\n\t<meta property=\"og:image:type\" content=\"image\/jpeg\" \/>\n<meta name=\"author\" content=\"Jaume Hervas\" \/>\n<meta name=\"twitter:card\" content=\"summary_large_image\" \/>\n<meta name=\"twitter:label1\" content=\"Escrito por\" \/>\n\t<meta name=\"twitter:data1\" content=\"Jaume Hervas\" \/>\n\t<meta name=\"twitter:label2\" content=\"Tiempo de lectura\" \/>\n\t<meta name=\"twitter:data2\" content=\"3 minutos\" \/>\n<script type=\"application\/ld+json\" class=\"yoast-schema-graph\">{\"@context\":\"https:\/\/schema.org\",\"@graph\":[{\"@type\":\"Article\",\"@id\":\"https:\/\/sanlucar.com\/es\/un-dulce-refresco-para-los-dias-de-verano\/#article\",\"isPartOf\":{\"@id\":\"https:\/\/sanlucar.com\/es\/un-dulce-refresco-para-los-dias-de-verano\/\"},\"author\":{\"name\":\"Jaume Hervas\",\"@id\":\"https:\/\/sanlucar.com\/#\/schema\/person\/8824e18d71aa5034d92479a1776f7e71\"},\"headline\":\"Un dulce refresco para los d\u00edas de verano.\",\"datePublished\":\"2023-08-05T14:32:34+00:00\",\"dateModified\":\"2024-06-04T13:43:29+00:00\",\"mainEntityOfPage\":{\"@id\":\"https:\/\/sanlucar.com\/es\/un-dulce-refresco-para-los-dias-de-verano\/\"},\"wordCount\":1636,\"commentCount\":0,\"publisher\":{\"@id\":\"https:\/\/sanlucar.com\/#organization\"},\"image\":{\"@id\":\"https:\/\/sanlucar.com\/es\/un-dulce-refresco-para-los-dias-de-verano\/#primaryimage\"},\"thumbnailUrl\":\"https:\/\/sanlucar.com\/wp-content\/uploads\/2022\/12\/Header-Melonen.jpg\",\"articleSection\":[\"Noticias\",\"Sobre la fruta\"],\"inLanguage\":\"es\",\"potentialAction\":[{\"@type\":\"CommentAction\",\"name\":\"Comment\",\"target\":[\"https:\/\/sanlucar.com\/es\/un-dulce-refresco-para-los-dias-de-verano\/#respond\"]}]},{\"@type\":\"WebPage\",\"@id\":\"https:\/\/sanlucar.com\/es\/un-dulce-refresco-para-los-dias-de-verano\/\",\"url\":\"https:\/\/sanlucar.com\/es\/un-dulce-refresco-para-los-dias-de-verano\/\",\"name\":\"Un dulce refresco para los d\u00edas de verano. | SanLucar\",\"isPartOf\":{\"@id\":\"https:\/\/sanlucar.com\/#website\"},\"primaryImageOfPage\":{\"@id\":\"https:\/\/sanlucar.com\/es\/un-dulce-refresco-para-los-dias-de-verano\/#primaryimage\"},\"image\":{\"@id\":\"https:\/\/sanlucar.com\/es\/un-dulce-refresco-para-los-dias-de-verano\/#primaryimage\"},\"thumbnailUrl\":\"https:\/\/sanlucar.com\/wp-content\/uploads\/2022\/12\/Header-Melonen.jpg\",\"datePublished\":\"2023-08-05T14:32:34+00:00\",\"dateModified\":\"2024-06-04T13:43:29+00:00\",\"breadcrumb\":{\"@id\":\"https:\/\/sanlucar.com\/es\/un-dulce-refresco-para-los-dias-de-verano\/#breadcrumb\"},\"inLanguage\":\"es\",\"potentialAction\":[{\"@type\":\"ReadAction\",\"target\":[\"https:\/\/sanlucar.com\/es\/un-dulce-refresco-para-los-dias-de-verano\/\"]}]},{\"@type\":\"ImageObject\",\"inLanguage\":\"es\",\"@id\":\"https:\/\/sanlucar.com\/es\/un-dulce-refresco-para-los-dias-de-verano\/#primaryimage\",\"url\":\"https:\/\/sanlucar.com\/wp-content\/uploads\/2022\/12\/Header-Melonen.jpg\",\"contentUrl\":\"https:\/\/sanlucar.com\/wp-content\/uploads\/2022\/12\/Header-Melonen.jpg\",\"width\":1414,\"height\":630,\"caption\":\"SanLucar melons, including varieties like Galia and Piel de Sapo, are cultivated in sun-drenched regions of Spain, offering sweet, juicy flavors.\"},{\"@type\":\"BreadcrumbList\",\"@id\":\"https:\/\/sanlucar.com\/es\/un-dulce-refresco-para-los-dias-de-verano\/#breadcrumb\",\"itemListElement\":[{\"@type\":\"ListItem\",\"position\":1,\"name\":\"Home\",\"item\":\"https:\/\/sanlucar.com\/es\/\"},{\"@type\":\"ListItem\",\"position\":2,\"name\":\"Un dulce refresco para los d\u00edas de verano.\"}]},{\"@type\":\"WebSite\",\"@id\":\"https:\/\/sanlucar.com\/#website\",\"url\":\"https:\/\/sanlucar.com\/\",\"name\":\"SanLucar\",\"description\":\"\",\"publisher\":{\"@id\":\"https:\/\/sanlucar.com\/#organization\"},\"potentialAction\":[{\"@type\":\"SearchAction\",\"target\":{\"@type\":\"EntryPoint\",\"urlTemplate\":\"https:\/\/sanlucar.com\/?s={search_term_string}\"},\"query-input\":{\"@type\":\"PropertyValueSpecification\",\"valueRequired\":true,\"valueName\":\"search_term_string\"}}],\"inLanguage\":\"es\"},{\"@type\":\"Organization\",\"@id\":\"https:\/\/sanlucar.com\/#organization\",\"name\":\"SanLucar\",\"url\":\"https:\/\/sanlucar.com\/\",\"logo\":{\"@type\":\"ImageObject\",\"inLanguage\":\"es\",\"@id\":\"https:\/\/sanlucar.com\/#\/schema\/logo\/image\/\",\"url\":\"https:\/\/sanlucar.com\/wp-content\/uploads\/2023\/01\/sanlucar-logo-onwhite.png\",\"contentUrl\":\"https:\/\/sanlucar.com\/wp-content\/uploads\/2023\/01\/sanlucar-logo-onwhite.png\",\"width\":800,\"height\":800,\"caption\":\"SanLucar\"},\"image\":{\"@id\":\"https:\/\/sanlucar.com\/#\/schema\/logo\/image\/\"},\"sameAs\":[\"https:\/\/www.facebook.com\/sanlucarfruit\",\"https:\/\/www.instagram.com\/sanlucarfruit\/\",\"https:\/\/www.youtube.com\/user\/SanLucar2009\",\"https:\/\/www.linkedin.com\/company\/sanlucar\/\"]},{\"@type\":\"Person\",\"@id\":\"https:\/\/sanlucar.com\/#\/schema\/person\/8824e18d71aa5034d92479a1776f7e71\",\"name\":\"Jaume Hervas\",\"url\":\"https:\/\/sanlucar.com\/es\/author\/sl_jaume\/\"}]}<\/script>\n<!-- \/ Yoast SEO plugin. -->","yoast_head_json":{"title":"Un dulce refresco para los d\u00edas de verano. | SanLucar","robots":{"index":"index","follow":"follow","max-snippet":"max-snippet:-1","max-image-preview":"max-image-preview:large","max-video-preview":"max-video-preview:-1"},"canonical":"https:\/\/sanlucar.com\/es\/un-dulce-refresco-para-los-dias-de-verano\/","og_locale":"es_ES","og_type":"article","og_title":"Un dulce refresco para los d\u00edas de verano. | SanLucar","og_url":"https:\/\/sanlucar.com\/es\/un-dulce-refresco-para-los-dias-de-verano\/","og_site_name":"SanLucar","article_publisher":"https:\/\/www.facebook.com\/sanlucarfruit","article_published_time":"2023-08-05T14:32:34+00:00","article_modified_time":"2024-06-04T13:43:29+00:00","og_image":[{"width":2400,"height":1600,"url":"https:\/\/sanlucar.com\/wp-content\/uploads\/2022\/06\/Wassermelone_Header.jpg","type":"image\/jpeg"}],"author":"Jaume Hervas","twitter_card":"summary_large_image","twitter_misc":{"Escrito por":"Jaume Hervas","Tiempo de lectura":"3 minutos"},"schema":{"@context":"https:\/\/schema.org","@graph":[{"@type":"Article","@id":"https:\/\/sanlucar.com\/es\/un-dulce-refresco-para-los-dias-de-verano\/#article","isPartOf":{"@id":"https:\/\/sanlucar.com\/es\/un-dulce-refresco-para-los-dias-de-verano\/"},"author":{"name":"Jaume Hervas","@id":"https:\/\/sanlucar.com\/#\/schema\/person\/8824e18d71aa5034d92479a1776f7e71"},"headline":"Un dulce refresco para los d\u00edas de verano.","datePublished":"2023-08-05T14:32:34+00:00","dateModified":"2024-06-04T13:43:29+00:00","mainEntityOfPage":{"@id":"https:\/\/sanlucar.com\/es\/un-dulce-refresco-para-los-dias-de-verano\/"},"wordCount":1636,"commentCount":0,"publisher":{"@id":"https:\/\/sanlucar.com\/#organization"},"image":{"@id":"https:\/\/sanlucar.com\/es\/un-dulce-refresco-para-los-dias-de-verano\/#primaryimage"},"thumbnailUrl":"https:\/\/sanlucar.com\/wp-content\/uploads\/2022\/12\/Header-Melonen.jpg","articleSection":["Noticias","Sobre la fruta"],"inLanguage":"es","potentialAction":[{"@type":"CommentAction","name":"Comment","target":["https:\/\/sanlucar.com\/es\/un-dulce-refresco-para-los-dias-de-verano\/#respond"]}]},{"@type":"WebPage","@id":"https:\/\/sanlucar.com\/es\/un-dulce-refresco-para-los-dias-de-verano\/","url":"https:\/\/sanlucar.com\/es\/un-dulce-refresco-para-los-dias-de-verano\/","name":"Un dulce refresco para los d\u00edas de verano. | SanLucar","isPartOf":{"@id":"https:\/\/sanlucar.com\/#website"},"primaryImageOfPage":{"@id":"https:\/\/sanlucar.com\/es\/un-dulce-refresco-para-los-dias-de-verano\/#primaryimage"},"image":{"@id":"https:\/\/sanlucar.com\/es\/un-dulce-refresco-para-los-dias-de-verano\/#primaryimage"},"thumbnailUrl":"https:\/\/sanlucar.com\/wp-content\/uploads\/2022\/12\/Header-Melonen.jpg","datePublished":"2023-08-05T14:32:34+00:00","dateModified":"2024-06-04T13:43:29+00:00","breadcrumb":{"@id":"https:\/\/sanlucar.com\/es\/un-dulce-refresco-para-los-dias-de-verano\/#breadcrumb"},"inLanguage":"es","potentialAction":[{"@type":"ReadAction","target":["https:\/\/sanlucar.com\/es\/un-dulce-refresco-para-los-dias-de-verano\/"]}]},{"@type":"ImageObject","inLanguage":"es","@id":"https:\/\/sanlucar.com\/es\/un-dulce-refresco-para-los-dias-de-verano\/#primaryimage","url":"https:\/\/sanlucar.com\/wp-content\/uploads\/2022\/12\/Header-Melonen.jpg","contentUrl":"https:\/\/sanlucar.com\/wp-content\/uploads\/2022\/12\/Header-Melonen.jpg","width":1414,"height":630,"caption":"SanLucar melons, including varieties like Galia and Piel de Sapo, are cultivated in sun-drenched regions of Spain, offering sweet, juicy flavors."},{"@type":"BreadcrumbList","@id":"https:\/\/sanlucar.com\/es\/un-dulce-refresco-para-los-dias-de-verano\/#breadcrumb","itemListElement":[{"@type":"ListItem","position":1,"name":"Home","item":"https:\/\/sanlucar.com\/es\/"},{"@type":"ListItem","position":2,"name":"Un dulce refresco para los d\u00edas de verano."}]},{"@type":"WebSite","@id":"https:\/\/sanlucar.com\/#website","url":"https:\/\/sanlucar.com\/","name":"SanLucar","description":"","publisher":{"@id":"https:\/\/sanlucar.com\/#organization"},"potentialAction":[{"@type":"SearchAction","target":{"@type":"EntryPoint","urlTemplate":"https:\/\/sanlucar.com\/?s={search_term_string}"},"query-input":{"@type":"PropertyValueSpecification","valueRequired":true,"valueName":"search_term_string"}}],"inLanguage":"es"},{"@type":"Organization","@id":"https:\/\/sanlucar.com\/#organization","name":"SanLucar","url":"https:\/\/sanlucar.com\/","logo":{"@type":"ImageObject","inLanguage":"es","@id":"https:\/\/sanlucar.com\/#\/schema\/logo\/image\/","url":"https:\/\/sanlucar.com\/wp-content\/uploads\/2023\/01\/sanlucar-logo-onwhite.png","contentUrl":"https:\/\/sanlucar.com\/wp-content\/uploads\/2023\/01\/sanlucar-logo-onwhite.png","width":800,"height":800,"caption":"SanLucar"},"image":{"@id":"https:\/\/sanlucar.com\/#\/schema\/logo\/image\/"},"sameAs":["https:\/\/www.facebook.com\/sanlucarfruit","https:\/\/www.instagram.com\/sanlucarfruit\/","https:\/\/www.youtube.com\/user\/SanLucar2009","https:\/\/www.linkedin.com\/company\/sanlucar\/"]},{"@type":"Person","@id":"https:\/\/sanlucar.com\/#\/schema\/person\/8824e18d71aa5034d92479a1776f7e71","name":"Jaume Hervas","url":"https:\/\/sanlucar.com\/es\/author\/sl_jaume\/"}]}},"_links":{"self":[{"href":"https:\/\/sanlucar.com\/es\/wp-json\/wp\/v2\/posts\/15651","targetHints":{"allow":["GET"]}}],"collection":[{"href":"https:\/\/sanlucar.com\/es\/wp-json\/wp\/v2\/posts"}],"about":[{"href":"https:\/\/sanlucar.com\/es\/wp-json\/wp\/v2\/types\/post"}],"author":[{"embeddable":true,"href":"https:\/\/sanlucar.com\/es\/wp-json\/wp\/v2\/users\/12"}],"replies":[{"embeddable":true,"href":"https:\/\/sanlucar.com\/es\/wp-json\/wp\/v2\/comments?post=15651"}],"version-history":[{"count":2,"href":"https:\/\/sanlucar.com\/es\/wp-json\/wp\/v2\/posts\/15651\/revisions"}],"predecessor-version":[{"id":35840,"href":"https:\/\/sanlucar.com\/es\/wp-json\/wp\/v2\/posts\/15651\/revisions\/35840"}],"wp:featuredmedia":[{"embeddable":true,"href":"https:\/\/sanlucar.com\/es\/wp-json\/wp\/v2\/media\/22639"}],"wp:attachment":[{"href":"https:\/\/sanlucar.com\/es\/wp-json\/wp\/v2\/media?parent=15651"}],"wp:term":[{"taxonomy":"category","embeddable":true,"href":"https:\/\/sanlucar.com\/es\/wp-json\/wp\/v2\/categories?post=15651"},{"taxonomy":"post_tag","embeddable":true,"href":"https:\/\/sanlucar.com\/es\/wp-json\/wp\/v2\/tags?post=15651"}],"curies":[{"name":"wp","href":"https:\/\/api.w.org\/{rel}","templated":true}]}}