
{"id":29097,"date":"2023-03-07T11:53:18","date_gmt":"2023-03-07T10:53:18","guid":{"rendered":"https:\/\/sanlucar.com\/pressemeldungen\/veroeffentlichung-des-neuen-dreams-magazins\/"},"modified":"2024-08-26T09:37:35","modified_gmt":"2024-08-26T07:37:35","slug":"disponible-nueva-edicion-de-la-revista-dreams-de-sanlucar","status":"publish","type":"pressemeldung","link":"https:\/\/sanlucar.com\/es\/notas-de-prensa\/disponible-nueva-edicion-de-la-revista-dreams-de-sanlucar\/","title":{"rendered":"Disponible nueva edici\u00f3n de la revista DREAMS de SanLucar."},"content":{"rendered":"<div id='av_section_1'  class='avia-section av-d0vfhi-f27113a008475ee43acbac8adc60b3c3 main_color avia-section-default avia-no-border-styling  avia-builder-el-0  avia-builder-el-no-sibling  avia-bg-style-scroll container_wrap fullsize'  ><div class='container av-section-cont-open' ><main  role=\"main\" itemprop=\"mainContentOfPage\"  class='template-page content  av-content-full alpha units'><div class='post-entry post-entry-type-page post-entry-29097'><div class='entry-content-wrapper clearfix'>\n<div  class='flex_column av-atxs3q-e287a08bcc08afb4318c705e07e0db1a av_one_half  avia-builder-el-1  el_before_av_one_half  avia-builder-el-first  first flex_column_div  '     ><section  class='av_textblock_section av-9uc9ue-161cf86275482444cac1c5c3b071d6cd '   itemscope=\"itemscope\" itemtype=\"https:\/\/schema.org\/CreativeWork\" ><div class='avia_textblock'  itemprop=\"text\" ><p>La publicaci\u00f3n recoge las iniciativas sociales y medioambientales emprendidas por la marca premium de fruta y verdura en el \u00faltimo a\u00f1o.<\/p>\n<p>Justo a tiempo para la \u00faltima convocatoria del certamen Fruit Logistica, SanLucar ha presentado una nueva edici\u00f3n de su revista DREAMS. En ella se recoge informaci\u00f3n detallada sobre el compromiso social de la multinacional hortofrut\u00edcola, as\u00ed como acerca de los proyectos medioambientales impulsados por la marca premium de fruta y verdura en 2022, en los distintos pa\u00edses donde la firma est\u00e1 presente.<\/p>\n<p>\u00abEn l\u00ednea con nuestra filosof\u00eda empresarial Sabor en armon\u00eda con las personas y la naturaleza, en SanLucar trabajamos incansablemente en diversos proyectos para crear juntos un mundo en el que todos podamos hacer realidad nuestros sue\u00f1os\u00bb, explica Stephan R\u00f6tzer propietario y fundador de SanLucar. Estas iniciativas se enmarcan en el programa DREAMS de responsabilidad corporativa de la compa\u00f1\u00eda, y buscan generar un impacto positivo en los empleados de la firma, sus familias, as\u00ed como las comunidades locales pr\u00f3ximas a las filiales de SanLucar en todo el mundo.<\/p>\n<p>\u00abNos sentimos muy orgullosos de que nuestras iniciativas contribuyan al bienestar de las personas y la naturaleza y de que adem\u00e1s obtengan reconocimiento\u00bb, explica R\u00f6tzer. Y es que solo en el a\u00f1o 2022, SanLucar en colaboraci\u00f3n con sus partners de proyectos DREAMS ha sido distinguida con 4 galardones: \u00abPremio Ilustre en Valencia\u00bb, \u00abPremio partner inversor\u00bb en agricultura en T\u00fanez, \u00abMejores Pr\u00e1cticas en sostenibilidad en Ecuador\u00bb y premio \u00abEmpresa Social\u00bb en Espa\u00f1a.<\/p>\n<h2>Impulsando la educaci\u00f3n para ni\u00f1os y j\u00f3venes.<\/h2>\n<p>2022 ha sido un a\u00f1o en el que SanLucar ha puesto el acento en la importancia de la educaci\u00f3n para el desarrollo sostenible. Por un lado, mediante su programa de apoyo escolar \u00abAprendemos Juntos\u00bb, en marcha desde 2020 con el objetivo de paliar las desigualdades educativas provocadas por la pandemia ante la dificultad de algunos ni\u00f1os para acceder a las clases online. El programa ha cosechado ya sus primeros frutos, con la celebraci\u00f3n de la primera graduaci\u00f3n de once alumnos en Ecuador.<\/p>\n<p>Asimismo, la compa\u00f1\u00eda sigue impulsando en Espa\u00f1a la Formaci\u00f3n Dual como alternativa educativa para formar al talento m\u00e1s joven a la media de las necesidades del sector del comercio mayorista y exterior. En T\u00fanez, SanLucar impulsa la formaci\u00f3n profesional agr\u00edcola mediante distintos acuerdos con universidades y centros formativos. Gracias a estas colaboraciones, la compa\u00f1\u00eda ha logrado brindar apoyo a 124 estudiantes, de los cuales 72 han pasado ya a formar parte de la plantilla de SanLucar T\u00fanez.<\/p>\n<div class=\"page\" title=\"Page 1\">\n<div class=\"layoutArea\">\n<div class=\"column\"><\/div>\n<\/div>\n<\/div>\n<\/div><\/section><\/div><div  class='flex_column av-7lr1ee-28e7341d646d67b479ebe8398524b23f av_one_half  avia-builder-el-3  el_after_av_one_half  avia-builder-el-last  flex_column_div  '     ><section  class='av_textblock_section av-5be5ae-32086589daaf415dbc742ce005f783a3 '   itemscope=\"itemscope\" itemtype=\"https:\/\/schema.org\/CreativeWork\" ><div class='avia_textblock'  itemprop=\"text\" ><h2>Digitalizaci\u00f3n agr\u00edcola para el desarrollo sostenible.<\/h2>\n<p>Otro de los hitos de SanLucar en 2022 dentro de su compromiso medioambiental es el impulso de la digitalizaci\u00f3n agr\u00edcola para hacer frente a los impactos medioambientales de forma responsable. SanLucar apuesta por la combinaci\u00f3n de agricultura tradicional y nuevas tecnolog\u00edas para cuidar de su principal partner, la naturaleza, al tiempo que desarrolla una estrategia de sostenibilidad centrada en optimizar la huella h\u00eddrica, energ\u00e9tica, de fertilizantes y fitosanitarios. Adem\u00e1s, la compa\u00f1\u00eda ha establecido en 2022 alianzas para el desarrollo de soluciones postcosecha residuo 0. Y trabaja con responsabilidad en el desarrollo de envases reciclables para sus productos.<\/p>\n<p>Sobre todos estos avances puede leerse m\u00e1s informaci\u00f3n en la revista DREAMS de SanLucar, disponible en espa\u00f1ol <a href=\"https:\/\/www.sanlucar.com\/es\/dreams-2\/publicaciones\/\">aqu\u00ed<\/a>, y en los idiomas, ingl\u00e9s y alem\u00e1n a trav\u00e9s de la web de la compa\u00f1\u00eda (www.sanlucar.com) dentro del apartado DREAMS\/ publicaciones.<\/p>\n<h2>Acerca de SanLucar.<\/h2>\n<p>SanLucar es una empresa global que tiene como objetivo aportar a las personas salud, naturalidad y alegr\u00eda de vivir, y hacerlo de un modo en que pueda sentirse orgullosa de ello. Con una oferta de aproximadamente 100 variedades de frutas y verduras procedentes de m\u00e1s de 35 pa\u00edses, SanLucar es la marca con la m\u00e1s amplia gama en el mercado alem\u00e1n, austriaco y holand\u00e9s. Su porfolio de productos incluye asimismo smoothies, fruta fresca reci\u00e9n cortada, as\u00ed como flores y plantas y ahora tambi\u00e9n helados. Actualmente, SanLucar se est\u00e1 expandiendo hacia Canad\u00e1, Escandinavia, Italia, Inglaterra, Polonia, Ecuador, Oriente Medio y el Norte de \u00c1frica.<\/p>\n<p>Fundada en 1993 por Stephan R\u00f6tzer, SanLucar tiene su sede principal en Valencia. La compa\u00f1\u00eda cuenta con m\u00e1s de 4.000 empleados entre sus oficinas y sus fincas agr\u00edcolas en Alemania, Austria, Benelux, Italia, Espa\u00f1a, Ecuador, Dubai, Sud\u00e1frica, Marruecos y T\u00fanez. La filosof\u00eda \u00abSabor en armon\u00eda con las personas y la naturaleza\u00bb constituye el fundamento de todas las acciones de SanLucar y la base de muchos proyectos sociales y sostenibles.<\/p>\n<p><strong>Si deseas recibir m\u00e1s informaci\u00f3n, por favor no dudes en contactar con nosotros:<\/strong><\/p>\n<p><strong>Sonia Gabarda<\/strong><br \/>\n<strong>Prensa SanLucar Fruit<\/strong><br \/>\n<a href=\"mailto:sonia.gabarda@sanlucar.com\"><strong>sonia.gabarda@sanlucar.com<\/strong><\/a><br \/>\n<strong>Tel. + 34 96 142 40 40<\/strong><\/p>\n<div class=\"page\" title=\"Page 1\">\n<div class=\"layoutArea\">\n<div class=\"column\"><\/div>\n<\/div>\n<\/div>\n<\/div><\/section><\/div>\n","protected":false},"excerpt":{"rendered":"<p>Ver\u00f6ffentlichung des neuen SanLucar Dreams Magazins.<\/p>\n","protected":false},"featured_media":14740,"menu_order":0,"template":"","class_list":["post-29097","pressemeldung","type-pressemeldung","status-publish","has-post-thumbnail","hentry"],"acf":[],"yoast_head":"<!-- This site is optimized with the Yoast SEO plugin v27.0 - https:\/\/yoast.com\/product\/yoast-seo-wordpress\/ -->\n<title>Disponible nueva edici\u00f3n de la revista DREAMS de SanLucar. | SanLucar<\/title>\n<meta name=\"robots\" content=\"index, follow, max-snippet:-1, max-image-preview:large, max-video-preview:-1\" \/>\n<link rel=\"canonical\" href=\"https:\/\/sanlucar.com\/es\/notas-de-prensa\/disponible-nueva-edicion-de-la-revista-dreams-de-sanlucar\/\" \/>\n<meta property=\"og:locale\" content=\"es_ES\" \/>\n<meta property=\"og:type\" content=\"article\" \/>\n<meta property=\"og:title\" content=\"Disponible nueva edici\u00f3n de la revista DREAMS de SanLucar. | SanLucar\" \/>\n<meta property=\"og:description\" content=\"Ver\u00f6ffentlichung des neuen SanLucar Dreams Magazins.\" \/>\n<meta property=\"og:url\" content=\"https:\/\/sanlucar.com\/es\/notas-de-prensa\/disponible-nueva-edicion-de-la-revista-dreams-de-sanlucar\/\" \/>\n<meta property=\"og:site_name\" content=\"SanLucar\" \/>\n<meta property=\"article:publisher\" content=\"https:\/\/www.facebook.com\/sanlucarfruit\" \/>\n<meta property=\"article:modified_time\" content=\"2024-08-26T07:37:35+00:00\" \/>\n<meta property=\"og:image\" content=\"https:\/\/sanlucar.com\/wp-content\/uploads\/2023\/03\/Presse_Neues-Dreams-Magazine-1.jpg\" \/>\n\t<meta property=\"og:image:width\" content=\"2400\" \/>\n\t<meta property=\"og:image:height\" content=\"1600\" \/>\n\t<meta property=\"og:image:type\" content=\"image\/jpeg\" \/>\n<meta name=\"twitter:card\" content=\"summary_large_image\" \/>\n<meta name=\"twitter:label1\" content=\"Tiempo de lectura\" \/>\n\t<meta name=\"twitter:data1\" content=\"4 minutos\" \/>\n<script type=\"application\/ld+json\" class=\"yoast-schema-graph\">{\"@context\":\"https:\/\/schema.org\",\"@graph\":[{\"@type\":\"WebPage\",\"@id\":\"https:\/\/sanlucar.com\/es\/notas-de-prensa\/disponible-nueva-edicion-de-la-revista-dreams-de-sanlucar\/\",\"url\":\"https:\/\/sanlucar.com\/es\/notas-de-prensa\/disponible-nueva-edicion-de-la-revista-dreams-de-sanlucar\/\",\"name\":\"Disponible nueva edici\u00f3n de la revista DREAMS de SanLucar. | SanLucar\",\"isPartOf\":{\"@id\":\"https:\/\/sanlucar.com\/#website\"},\"primaryImageOfPage\":{\"@id\":\"https:\/\/sanlucar.com\/es\/notas-de-prensa\/disponible-nueva-edicion-de-la-revista-dreams-de-sanlucar\/#primaryimage\"},\"image\":{\"@id\":\"https:\/\/sanlucar.com\/es\/notas-de-prensa\/disponible-nueva-edicion-de-la-revista-dreams-de-sanlucar\/#primaryimage\"},\"thumbnailUrl\":\"https:\/\/sanlucar.com\/wp-content\/uploads\/2023\/03\/Presse_Neues-Dreams-Magazine-1.jpg\",\"datePublished\":\"2023-03-07T10:53:18+00:00\",\"dateModified\":\"2024-08-26T07:37:35+00:00\",\"breadcrumb\":{\"@id\":\"https:\/\/sanlucar.com\/es\/notas-de-prensa\/disponible-nueva-edicion-de-la-revista-dreams-de-sanlucar\/#breadcrumb\"},\"inLanguage\":\"es\",\"potentialAction\":[{\"@type\":\"ReadAction\",\"target\":[\"https:\/\/sanlucar.com\/es\/notas-de-prensa\/disponible-nueva-edicion-de-la-revista-dreams-de-sanlucar\/\"]}]},{\"@type\":\"ImageObject\",\"inLanguage\":\"es\",\"@id\":\"https:\/\/sanlucar.com\/es\/notas-de-prensa\/disponible-nueva-edicion-de-la-revista-dreams-de-sanlucar\/#primaryimage\",\"url\":\"https:\/\/sanlucar.com\/wp-content\/uploads\/2023\/03\/Presse_Neues-Dreams-Magazine-1.jpg\",\"contentUrl\":\"https:\/\/sanlucar.com\/wp-content\/uploads\/2023\/03\/Presse_Neues-Dreams-Magazine-1.jpg\",\"width\":2400,\"height\":1600,\"caption\":\"SanLucar DREAMS Magazine 2022 \u2013 highlighting sustainability projects, social initiatives, and fresh produce innovations.\"},{\"@type\":\"BreadcrumbList\",\"@id\":\"https:\/\/sanlucar.com\/es\/notas-de-prensa\/disponible-nueva-edicion-de-la-revista-dreams-de-sanlucar\/#breadcrumb\",\"itemListElement\":[{\"@type\":\"ListItem\",\"position\":1,\"name\":\"Home\",\"item\":\"https:\/\/sanlucar.com\/es\/\"},{\"@type\":\"ListItem\",\"position\":2,\"name\":\"Pressemeldungen\",\"item\":\"https:\/\/sanlucar.com\/es\/notas-de-prensa\/\"},{\"@type\":\"ListItem\",\"position\":3,\"name\":\"Disponible nueva edici\u00f3n de la revista DREAMS de SanLucar\"}]},{\"@type\":\"WebSite\",\"@id\":\"https:\/\/sanlucar.com\/#website\",\"url\":\"https:\/\/sanlucar.com\/\",\"name\":\"SanLucar\",\"description\":\"\",\"publisher\":{\"@id\":\"https:\/\/sanlucar.com\/#organization\"},\"potentialAction\":[{\"@type\":\"SearchAction\",\"target\":{\"@type\":\"EntryPoint\",\"urlTemplate\":\"https:\/\/sanlucar.com\/?s={search_term_string}\"},\"query-input\":{\"@type\":\"PropertyValueSpecification\",\"valueRequired\":true,\"valueName\":\"search_term_string\"}}],\"inLanguage\":\"es\"},{\"@type\":\"Organization\",\"@id\":\"https:\/\/sanlucar.com\/#organization\",\"name\":\"SanLucar\",\"url\":\"https:\/\/sanlucar.com\/\",\"logo\":{\"@type\":\"ImageObject\",\"inLanguage\":\"es\",\"@id\":\"https:\/\/sanlucar.com\/#\/schema\/logo\/image\/\",\"url\":\"https:\/\/sanlucar.com\/wp-content\/uploads\/2023\/01\/sanlucar-logo-onwhite.png\",\"contentUrl\":\"https:\/\/sanlucar.com\/wp-content\/uploads\/2023\/01\/sanlucar-logo-onwhite.png\",\"width\":800,\"height\":800,\"caption\":\"SanLucar\"},\"image\":{\"@id\":\"https:\/\/sanlucar.com\/#\/schema\/logo\/image\/\"},\"sameAs\":[\"https:\/\/www.facebook.com\/sanlucarfruit\",\"https:\/\/www.instagram.com\/sanlucarfruit\/\",\"https:\/\/www.youtube.com\/user\/SanLucar2009\",\"https:\/\/www.linkedin.com\/company\/sanlucar\/\"]}]}<\/script>\n<!-- \/ Yoast SEO plugin. -->","yoast_head_json":{"title":"Disponible nueva edici\u00f3n de la revista DREAMS de SanLucar. | SanLucar","robots":{"index":"index","follow":"follow","max-snippet":"max-snippet:-1","max-image-preview":"max-image-preview:large","max-video-preview":"max-video-preview:-1"},"canonical":"https:\/\/sanlucar.com\/es\/notas-de-prensa\/disponible-nueva-edicion-de-la-revista-dreams-de-sanlucar\/","og_locale":"es_ES","og_type":"article","og_title":"Disponible nueva edici\u00f3n de la revista DREAMS de SanLucar. | SanLucar","og_description":"Ver\u00f6ffentlichung des neuen SanLucar Dreams Magazins.","og_url":"https:\/\/sanlucar.com\/es\/notas-de-prensa\/disponible-nueva-edicion-de-la-revista-dreams-de-sanlucar\/","og_site_name":"SanLucar","article_publisher":"https:\/\/www.facebook.com\/sanlucarfruit","article_modified_time":"2024-08-26T07:37:35+00:00","og_image":[{"width":2400,"height":1600,"url":"https:\/\/sanlucar.com\/wp-content\/uploads\/2023\/03\/Presse_Neues-Dreams-Magazine-1.jpg","type":"image\/jpeg"}],"twitter_card":"summary_large_image","twitter_misc":{"Tiempo de lectura":"4 minutos"},"schema":{"@context":"https:\/\/schema.org","@graph":[{"@type":"WebPage","@id":"https:\/\/sanlucar.com\/es\/notas-de-prensa\/disponible-nueva-edicion-de-la-revista-dreams-de-sanlucar\/","url":"https:\/\/sanlucar.com\/es\/notas-de-prensa\/disponible-nueva-edicion-de-la-revista-dreams-de-sanlucar\/","name":"Disponible nueva edici\u00f3n de la revista DREAMS de SanLucar. | SanLucar","isPartOf":{"@id":"https:\/\/sanlucar.com\/#website"},"primaryImageOfPage":{"@id":"https:\/\/sanlucar.com\/es\/notas-de-prensa\/disponible-nueva-edicion-de-la-revista-dreams-de-sanlucar\/#primaryimage"},"image":{"@id":"https:\/\/sanlucar.com\/es\/notas-de-prensa\/disponible-nueva-edicion-de-la-revista-dreams-de-sanlucar\/#primaryimage"},"thumbnailUrl":"https:\/\/sanlucar.com\/wp-content\/uploads\/2023\/03\/Presse_Neues-Dreams-Magazine-1.jpg","datePublished":"2023-03-07T10:53:18+00:00","dateModified":"2024-08-26T07:37:35+00:00","breadcrumb":{"@id":"https:\/\/sanlucar.com\/es\/notas-de-prensa\/disponible-nueva-edicion-de-la-revista-dreams-de-sanlucar\/#breadcrumb"},"inLanguage":"es","potentialAction":[{"@type":"ReadAction","target":["https:\/\/sanlucar.com\/es\/notas-de-prensa\/disponible-nueva-edicion-de-la-revista-dreams-de-sanlucar\/"]}]},{"@type":"ImageObject","inLanguage":"es","@id":"https:\/\/sanlucar.com\/es\/notas-de-prensa\/disponible-nueva-edicion-de-la-revista-dreams-de-sanlucar\/#primaryimage","url":"https:\/\/sanlucar.com\/wp-content\/uploads\/2023\/03\/Presse_Neues-Dreams-Magazine-1.jpg","contentUrl":"https:\/\/sanlucar.com\/wp-content\/uploads\/2023\/03\/Presse_Neues-Dreams-Magazine-1.jpg","width":2400,"height":1600,"caption":"SanLucar DREAMS Magazine 2022 \u2013 highlighting sustainability projects, social initiatives, and fresh produce innovations."},{"@type":"BreadcrumbList","@id":"https:\/\/sanlucar.com\/es\/notas-de-prensa\/disponible-nueva-edicion-de-la-revista-dreams-de-sanlucar\/#breadcrumb","itemListElement":[{"@type":"ListItem","position":1,"name":"Home","item":"https:\/\/sanlucar.com\/es\/"},{"@type":"ListItem","position":2,"name":"Pressemeldungen","item":"https:\/\/sanlucar.com\/es\/notas-de-prensa\/"},{"@type":"ListItem","position":3,"name":"Disponible nueva edici\u00f3n de la revista DREAMS de SanLucar"}]},{"@type":"WebSite","@id":"https:\/\/sanlucar.com\/#website","url":"https:\/\/sanlucar.com\/","name":"SanLucar","description":"","publisher":{"@id":"https:\/\/sanlucar.com\/#organization"},"potentialAction":[{"@type":"SearchAction","target":{"@type":"EntryPoint","urlTemplate":"https:\/\/sanlucar.com\/?s={search_term_string}"},"query-input":{"@type":"PropertyValueSpecification","valueRequired":true,"valueName":"search_term_string"}}],"inLanguage":"es"},{"@type":"Organization","@id":"https:\/\/sanlucar.com\/#organization","name":"SanLucar","url":"https:\/\/sanlucar.com\/","logo":{"@type":"ImageObject","inLanguage":"es","@id":"https:\/\/sanlucar.com\/#\/schema\/logo\/image\/","url":"https:\/\/sanlucar.com\/wp-content\/uploads\/2023\/01\/sanlucar-logo-onwhite.png","contentUrl":"https:\/\/sanlucar.com\/wp-content\/uploads\/2023\/01\/sanlucar-logo-onwhite.png","width":800,"height":800,"caption":"SanLucar"},"image":{"@id":"https:\/\/sanlucar.com\/#\/schema\/logo\/image\/"},"sameAs":["https:\/\/www.facebook.com\/sanlucarfruit","https:\/\/www.instagram.com\/sanlucarfruit\/","https:\/\/www.youtube.com\/user\/SanLucar2009","https:\/\/www.linkedin.com\/company\/sanlucar\/"]}]}},"_links":{"self":[{"href":"https:\/\/sanlucar.com\/es\/wp-json\/wp\/v2\/pressemeldung\/29097","targetHints":{"allow":["GET"]}}],"collection":[{"href":"https:\/\/sanlucar.com\/es\/wp-json\/wp\/v2\/pressemeldung"}],"about":[{"href":"https:\/\/sanlucar.com\/es\/wp-json\/wp\/v2\/types\/pressemeldung"}],"version-history":[{"count":2,"href":"https:\/\/sanlucar.com\/es\/wp-json\/wp\/v2\/pressemeldung\/29097\/revisions"}],"predecessor-version":[{"id":41607,"href":"https:\/\/sanlucar.com\/es\/wp-json\/wp\/v2\/pressemeldung\/29097\/revisions\/41607"}],"wp:featuredmedia":[{"embeddable":true,"href":"https:\/\/sanlucar.com\/es\/wp-json\/wp\/v2\/media\/14740"}],"wp:attachment":[{"href":"https:\/\/sanlucar.com\/es\/wp-json\/wp\/v2\/media?parent=29097"}],"curies":[{"name":"wp","href":"https:\/\/api.w.org\/{rel}","templated":true}]}}