
{"id":29246,"date":"2022-11-11T11:49:56","date_gmt":"2022-11-11T10:49:56","guid":{"rendered":"https:\/\/sanlucar.com\/pressemeldungen\/auszeichnung-fuer-investition\/"},"modified":"2024-09-02T12:08:20","modified_gmt":"2024-09-02T10:08:20","slug":"premio-asociacion-a-la-inversion-agricola","status":"publish","type":"pressemeldung","link":"https:\/\/sanlucar.com\/es\/notas-de-prensa\/premio-asociacion-a-la-inversion-agricola\/","title":{"rendered":"Premio asociaci\u00f3n a la inversi\u00f3n agr\u00edcola"},"content":{"rendered":"<div id='av_section_1'  class='avia-section av-d0vfhi-f27113a008475ee43acbac8adc60b3c3 main_color avia-section-default avia-no-border-styling  avia-builder-el-0  avia-builder-el-no-sibling  avia-bg-style-scroll container_wrap fullsize'  ><div class='container av-section-cont-open' ><main  role=\"main\" itemprop=\"mainContentOfPage\"  class='template-page content  av-content-full alpha units'><div class='post-entry post-entry-type-page post-entry-29246'><div class='entry-content-wrapper clearfix'>\n<div  class='flex_column av-atxs3q-e287a08bcc08afb4318c705e07e0db1a av_one_half  avia-builder-el-1  el_before_av_one_half  avia-builder-el-first  first flex_column_div  '     ><section  class='av_textblock_section av-9uc9ue-161cf86275482444cac1c5c3b071d6cd '   itemscope=\"itemscope\" itemtype=\"https:\/\/schema.org\/CreativeWork\" ><div class='avia_textblock'  itemprop=\"text\" ><p>Otorgado por el gobierno tunecino, este premio reconoce la contribuci\u00f3n de la marca premium de fruta y verdura al desarrollo agr\u00edcola del pa\u00eds.<\/p>\n<p>La multinacional SanLucar, dedicada a la producci\u00f3n y distribuci\u00f3n de fruta y verdura de calidad premium, acaba de ser galardonada con el Premio a la Inversi\u00f3n Agr\u00edcola en T\u00fanez (Partnership Agricultural Investment Award).<\/p>\n<p>Concedido por el Ministerio de Agricultura tunecino y la Agencia de Promoci\u00f3n de las Inversiones Agr\u00edcolas (APIA), este galard\u00f3n distingue a aquellas empresas con presencia en T\u00fanez que hayan destacado por sus resultados econ\u00f3micos y su capacidad para superar dificultades coyunturales tales como la continuidad de su actividad durante la crisis del Covid.<\/p>\n<p>El premio subraya asimsimo el esfuerzo inversor del grupo multinacional SanLucar en T\u00fanez, pa\u00eds donde la compa\u00f1\u00eda opera a trav\u00e9s de sus 3 fincas agr\u00edcolas: \u00abLa Cinqui\u00e8me Saison\u00bb dedicada al cultivo de tomates; \u00abFlor&#8217;Alia\u00bb, donde la marca premium de fruta y verdura cultiva las mejores variedades de bayas; y \u00abLes Perles du D\u00e9sert\u00bb, dedicada al cultivo de uvas.<\/p>\n<p>\u00abEste premio es la culminaci\u00f3n de todos los esfuerzos realizados por el grupo SanLucar desde su inicio en T\u00fanez y su contribuci\u00f3n a la evoluci\u00f3n del paisaje agr\u00edcola tunecino\u00bb, explica Faycel Ghandri, director de Recursos Humanos de SanLucar en T\u00fanez.<\/p>\n<p>\u00abEl reconocimiento es motivo de orgullo para todos los miembros de nuestra familia SanLucar. Los logros que hemos alcanzado hoy ponen de manifiesto el esfuerzo de todos nuestros equipos. Enhorabuena a todos. Sigamos siendo una inspiraci\u00f3n\u00bb, a\u00f1ade.<\/p>\n<p>El Premio a la Inversi\u00f3n Agr\u00edcola se suma a otros galardones recibidos por SanLucar en T\u00fanez. Entre ellos, el Premio Hannon concedido a la empresa por su contribuci\u00f3n al desarrollo social y econ\u00f3mico; y el Premio al Progreso Social otorgado por el presidente de T\u00fanez por el compromiso de SanLucar con la mejora de las condiciones de trabajo y de vida de sus empleados.<\/p>\n<div class=\"page\" title=\"Page 1\">\n<div class=\"layoutArea\">\n<div class=\"column\"><\/div>\n<\/div>\n<\/div>\n<\/div><\/section><\/div><div  class='flex_column av-7lr1ee-28e7341d646d67b479ebe8398524b23f av_one_half  avia-builder-el-3  el_after_av_one_half  avia-builder-el-last  flex_column_div  '     ><section  class='av_textblock_section av-5be5ae-32086589daaf415dbc742ce005f783a3 '   itemscope=\"itemscope\" itemtype=\"https:\/\/schema.org\/CreativeWork\" ><div class='avia_textblock'  itemprop=\"text\" ><p>SanLucar fue tambi\u00e9n la primera empresa del pa\u00eds en recibir el certificado de evaluaci\u00f3n GRASP, que confirma su buena gesti\u00f3n social a trav\u00e9s de su programa DREAMS de responsabilidad corporativa.<\/p>\n<h2>SanLucar en T\u00fanez.<\/h2>\n<p>SanLucar comienza su andadura en T\u00fanez en el a\u00f1o 2008, cuando descubre una de las mejores regiones del mundo para el cultivo de tomates: la regi\u00f3n de Gabes, concretamente El Hamma, en el sur del pa\u00eds. Ah\u00ed se encuentra el oasis \u00abLa Cinqui\u00e8me Saison\u00bb, cuya tierra se beneficia de la presencia de una fuente de agua geotermal, que confiere a los tomates de SanLucar un sabor \u00fanico, gracias a la combinaci\u00f3n de sustancias minerales de origen natural. El uso de esta fuente termal tambi\u00e9n permite el ahorro de energ\u00eda.<\/p>\n<p>La finca \u00abFlor&#8217;Alia\u00bb est\u00e1 situada en el norte del pa\u00eds, donde SanLucar cultiva las mejores variedades de bayas, seleccionadas en estrecha colaboraci\u00f3n con instituciones internacionales de renombre. En su finca \u00abLes Perles du D\u00e9sert\u00bb, la compa\u00f1\u00eda cultiva uva.<\/p>\n<p>Fundada en 1993 por Stephan R\u00f6tzer, SanLucar tiene su sede principal en Valencia. La compa\u00f1\u00eda cuenta con m\u00e1s de 4.000 empleados entre sus oficinas y sus fincas agr\u00edcolas en Alemania, Austria, Benelux, Italia, Espa\u00f1a, Ecuador, Dubai, Sud\u00e1frica, Marruecos y T\u00fanez. La filosof\u00eda \u00abSabor en armon\u00eda con las personas y la naturaleza\u00bb constituye el fundamento de todas las acciones de SanLucar y la base de muchos proyectos sociales y sostenibles.<br \/>\n<strong> Si deseas recibir m\u00e1s informaci\u00f3n, por favor no dudes en contactar con nosotros:<\/strong><\/p>\n<p><strong>Sonia Gabarda<\/strong><br \/>\n<strong>Prensa SanLucar Fruit<\/strong><br \/>\n<a href=\"mailto:sonia.gabarda@sanlucar.com\"><strong>sonia.gabarda@sanlucar.com<\/strong><\/a><br \/>\n<strong>Tel. + 34 96 142 40 40<\/strong><\/p>\n<div class=\"page\" title=\"Page 1\">\n<div class=\"layoutArea\">\n<div class=\"column\"><\/div>\n<\/div>\n<\/div>\n<\/div><\/section><\/div>\n","protected":false},"excerpt":{"rendered":"<p>SanLucar erh\u00e4lt Auszeichnung f\u00fcr partnerschaftliche Investition in der Landwirtschaft in Tunesien.<\/p>\n","protected":false},"featured_media":14752,"menu_order":0,"template":"","class_list":["post-29246","pressemeldung","type-pressemeldung","status-publish","has-post-thumbnail","hentry"],"acf":[],"yoast_head":"<!-- This site is optimized with the Yoast SEO plugin v27.0 - https:\/\/yoast.com\/product\/yoast-seo-wordpress\/ -->\n<title>Premio asociaci\u00f3n a la inversi\u00f3n agr\u00edcola | SanLucar<\/title>\n<meta name=\"robots\" content=\"index, follow, max-snippet:-1, max-image-preview:large, max-video-preview:-1\" \/>\n<link rel=\"canonical\" href=\"https:\/\/sanlucar.com\/es\/notas-de-prensa\/premio-asociacion-a-la-inversion-agricola\/\" \/>\n<meta property=\"og:locale\" content=\"es_ES\" \/>\n<meta property=\"og:type\" content=\"article\" \/>\n<meta property=\"og:title\" content=\"Premio asociaci\u00f3n a la inversi\u00f3n agr\u00edcola | SanLucar\" \/>\n<meta property=\"og:description\" content=\"SanLucar erh\u00e4lt Auszeichnung f\u00fcr partnerschaftliche Investition in der Landwirtschaft in Tunesien.\" \/>\n<meta property=\"og:url\" content=\"https:\/\/sanlucar.com\/es\/notas-de-prensa\/premio-asociacion-a-la-inversion-agricola\/\" \/>\n<meta property=\"og:site_name\" content=\"SanLucar\" \/>\n<meta property=\"article:publisher\" content=\"https:\/\/www.facebook.com\/sanlucarfruit\" \/>\n<meta property=\"article:modified_time\" content=\"2024-09-02T10:08:20+00:00\" \/>\n<meta property=\"og:image\" content=\"https:\/\/sanlucar.com\/wp-content\/uploads\/2022\/11\/Presse_Auszeichnung-Investition-1.jpg\" \/>\n\t<meta property=\"og:image:width\" content=\"2400\" \/>\n\t<meta property=\"og:image:height\" content=\"1600\" \/>\n\t<meta property=\"og:image:type\" content=\"image\/jpeg\" \/>\n<meta name=\"twitter:card\" content=\"summary_large_image\" \/>\n<meta name=\"twitter:label1\" content=\"Tiempo de lectura\" \/>\n\t<meta name=\"twitter:data1\" content=\"3 minutos\" \/>\n<script type=\"application\/ld+json\" class=\"yoast-schema-graph\">{\"@context\":\"https:\/\/schema.org\",\"@graph\":[{\"@type\":\"WebPage\",\"@id\":\"https:\/\/sanlucar.com\/es\/notas-de-prensa\/premio-asociacion-a-la-inversion-agricola\/\",\"url\":\"https:\/\/sanlucar.com\/es\/notas-de-prensa\/premio-asociacion-a-la-inversion-agricola\/\",\"name\":\"Premio asociaci\u00f3n a la inversi\u00f3n agr\u00edcola | SanLucar\",\"isPartOf\":{\"@id\":\"https:\/\/sanlucar.com\/#website\"},\"primaryImageOfPage\":{\"@id\":\"https:\/\/sanlucar.com\/es\/notas-de-prensa\/premio-asociacion-a-la-inversion-agricola\/#primaryimage\"},\"image\":{\"@id\":\"https:\/\/sanlucar.com\/es\/notas-de-prensa\/premio-asociacion-a-la-inversion-agricola\/#primaryimage\"},\"thumbnailUrl\":\"https:\/\/sanlucar.com\/wp-content\/uploads\/2022\/11\/Presse_Auszeichnung-Investition-1.jpg\",\"datePublished\":\"2022-11-11T10:49:56+00:00\",\"dateModified\":\"2024-09-02T10:08:20+00:00\",\"breadcrumb\":{\"@id\":\"https:\/\/sanlucar.com\/es\/notas-de-prensa\/premio-asociacion-a-la-inversion-agricola\/#breadcrumb\"},\"inLanguage\":\"es\",\"potentialAction\":[{\"@type\":\"ReadAction\",\"target\":[\"https:\/\/sanlucar.com\/es\/notas-de-prensa\/premio-asociacion-a-la-inversion-agricola\/\"]}]},{\"@type\":\"ImageObject\",\"inLanguage\":\"es\",\"@id\":\"https:\/\/sanlucar.com\/es\/notas-de-prensa\/premio-asociacion-a-la-inversion-agricola\/#primaryimage\",\"url\":\"https:\/\/sanlucar.com\/wp-content\/uploads\/2022\/11\/Presse_Auszeichnung-Investition-1.jpg\",\"contentUrl\":\"https:\/\/sanlucar.com\/wp-content\/uploads\/2022\/11\/Presse_Auszeichnung-Investition-1.jpg\",\"width\":2400,\"height\":1600,\"caption\":\"SanLucar receives an award for investment, recognizing its commitment to growth, sustainability, and innovation in the fresh produce sector.\"},{\"@type\":\"BreadcrumbList\",\"@id\":\"https:\/\/sanlucar.com\/es\/notas-de-prensa\/premio-asociacion-a-la-inversion-agricola\/#breadcrumb\",\"itemListElement\":[{\"@type\":\"ListItem\",\"position\":1,\"name\":\"Home\",\"item\":\"https:\/\/sanlucar.com\/es\/\"},{\"@type\":\"ListItem\",\"position\":2,\"name\":\"Pressemeldungen\",\"item\":\"https:\/\/sanlucar.com\/es\/notas-de-prensa\/\"},{\"@type\":\"ListItem\",\"position\":3,\"name\":\"Premio asociaci\u00f3n a la inversi\u00f3n agr\u00edcola\"}]},{\"@type\":\"WebSite\",\"@id\":\"https:\/\/sanlucar.com\/#website\",\"url\":\"https:\/\/sanlucar.com\/\",\"name\":\"SanLucar\",\"description\":\"\",\"publisher\":{\"@id\":\"https:\/\/sanlucar.com\/#organization\"},\"potentialAction\":[{\"@type\":\"SearchAction\",\"target\":{\"@type\":\"EntryPoint\",\"urlTemplate\":\"https:\/\/sanlucar.com\/?s={search_term_string}\"},\"query-input\":{\"@type\":\"PropertyValueSpecification\",\"valueRequired\":true,\"valueName\":\"search_term_string\"}}],\"inLanguage\":\"es\"},{\"@type\":\"Organization\",\"@id\":\"https:\/\/sanlucar.com\/#organization\",\"name\":\"SanLucar\",\"url\":\"https:\/\/sanlucar.com\/\",\"logo\":{\"@type\":\"ImageObject\",\"inLanguage\":\"es\",\"@id\":\"https:\/\/sanlucar.com\/#\/schema\/logo\/image\/\",\"url\":\"https:\/\/sanlucar.com\/wp-content\/uploads\/2023\/01\/sanlucar-logo-onwhite.png\",\"contentUrl\":\"https:\/\/sanlucar.com\/wp-content\/uploads\/2023\/01\/sanlucar-logo-onwhite.png\",\"width\":800,\"height\":800,\"caption\":\"SanLucar\"},\"image\":{\"@id\":\"https:\/\/sanlucar.com\/#\/schema\/logo\/image\/\"},\"sameAs\":[\"https:\/\/www.facebook.com\/sanlucarfruit\",\"https:\/\/www.instagram.com\/sanlucarfruit\/\",\"https:\/\/www.youtube.com\/user\/SanLucar2009\",\"https:\/\/www.linkedin.com\/company\/sanlucar\/\"]}]}<\/script>\n<!-- \/ Yoast SEO plugin. -->","yoast_head_json":{"title":"Premio asociaci\u00f3n a la inversi\u00f3n agr\u00edcola | SanLucar","robots":{"index":"index","follow":"follow","max-snippet":"max-snippet:-1","max-image-preview":"max-image-preview:large","max-video-preview":"max-video-preview:-1"},"canonical":"https:\/\/sanlucar.com\/es\/notas-de-prensa\/premio-asociacion-a-la-inversion-agricola\/","og_locale":"es_ES","og_type":"article","og_title":"Premio asociaci\u00f3n a la inversi\u00f3n agr\u00edcola | SanLucar","og_description":"SanLucar erh\u00e4lt Auszeichnung f\u00fcr partnerschaftliche Investition in der Landwirtschaft in Tunesien.","og_url":"https:\/\/sanlucar.com\/es\/notas-de-prensa\/premio-asociacion-a-la-inversion-agricola\/","og_site_name":"SanLucar","article_publisher":"https:\/\/www.facebook.com\/sanlucarfruit","article_modified_time":"2024-09-02T10:08:20+00:00","og_image":[{"width":2400,"height":1600,"url":"https:\/\/sanlucar.com\/wp-content\/uploads\/2022\/11\/Presse_Auszeichnung-Investition-1.jpg","type":"image\/jpeg"}],"twitter_card":"summary_large_image","twitter_misc":{"Tiempo de lectura":"3 minutos"},"schema":{"@context":"https:\/\/schema.org","@graph":[{"@type":"WebPage","@id":"https:\/\/sanlucar.com\/es\/notas-de-prensa\/premio-asociacion-a-la-inversion-agricola\/","url":"https:\/\/sanlucar.com\/es\/notas-de-prensa\/premio-asociacion-a-la-inversion-agricola\/","name":"Premio asociaci\u00f3n a la inversi\u00f3n agr\u00edcola | SanLucar","isPartOf":{"@id":"https:\/\/sanlucar.com\/#website"},"primaryImageOfPage":{"@id":"https:\/\/sanlucar.com\/es\/notas-de-prensa\/premio-asociacion-a-la-inversion-agricola\/#primaryimage"},"image":{"@id":"https:\/\/sanlucar.com\/es\/notas-de-prensa\/premio-asociacion-a-la-inversion-agricola\/#primaryimage"},"thumbnailUrl":"https:\/\/sanlucar.com\/wp-content\/uploads\/2022\/11\/Presse_Auszeichnung-Investition-1.jpg","datePublished":"2022-11-11T10:49:56+00:00","dateModified":"2024-09-02T10:08:20+00:00","breadcrumb":{"@id":"https:\/\/sanlucar.com\/es\/notas-de-prensa\/premio-asociacion-a-la-inversion-agricola\/#breadcrumb"},"inLanguage":"es","potentialAction":[{"@type":"ReadAction","target":["https:\/\/sanlucar.com\/es\/notas-de-prensa\/premio-asociacion-a-la-inversion-agricola\/"]}]},{"@type":"ImageObject","inLanguage":"es","@id":"https:\/\/sanlucar.com\/es\/notas-de-prensa\/premio-asociacion-a-la-inversion-agricola\/#primaryimage","url":"https:\/\/sanlucar.com\/wp-content\/uploads\/2022\/11\/Presse_Auszeichnung-Investition-1.jpg","contentUrl":"https:\/\/sanlucar.com\/wp-content\/uploads\/2022\/11\/Presse_Auszeichnung-Investition-1.jpg","width":2400,"height":1600,"caption":"SanLucar receives an award for investment, recognizing its commitment to growth, sustainability, and innovation in the fresh produce sector."},{"@type":"BreadcrumbList","@id":"https:\/\/sanlucar.com\/es\/notas-de-prensa\/premio-asociacion-a-la-inversion-agricola\/#breadcrumb","itemListElement":[{"@type":"ListItem","position":1,"name":"Home","item":"https:\/\/sanlucar.com\/es\/"},{"@type":"ListItem","position":2,"name":"Pressemeldungen","item":"https:\/\/sanlucar.com\/es\/notas-de-prensa\/"},{"@type":"ListItem","position":3,"name":"Premio asociaci\u00f3n a la inversi\u00f3n agr\u00edcola"}]},{"@type":"WebSite","@id":"https:\/\/sanlucar.com\/#website","url":"https:\/\/sanlucar.com\/","name":"SanLucar","description":"","publisher":{"@id":"https:\/\/sanlucar.com\/#organization"},"potentialAction":[{"@type":"SearchAction","target":{"@type":"EntryPoint","urlTemplate":"https:\/\/sanlucar.com\/?s={search_term_string}"},"query-input":{"@type":"PropertyValueSpecification","valueRequired":true,"valueName":"search_term_string"}}],"inLanguage":"es"},{"@type":"Organization","@id":"https:\/\/sanlucar.com\/#organization","name":"SanLucar","url":"https:\/\/sanlucar.com\/","logo":{"@type":"ImageObject","inLanguage":"es","@id":"https:\/\/sanlucar.com\/#\/schema\/logo\/image\/","url":"https:\/\/sanlucar.com\/wp-content\/uploads\/2023\/01\/sanlucar-logo-onwhite.png","contentUrl":"https:\/\/sanlucar.com\/wp-content\/uploads\/2023\/01\/sanlucar-logo-onwhite.png","width":800,"height":800,"caption":"SanLucar"},"image":{"@id":"https:\/\/sanlucar.com\/#\/schema\/logo\/image\/"},"sameAs":["https:\/\/www.facebook.com\/sanlucarfruit","https:\/\/www.instagram.com\/sanlucarfruit\/","https:\/\/www.youtube.com\/user\/SanLucar2009","https:\/\/www.linkedin.com\/company\/sanlucar\/"]}]}},"_links":{"self":[{"href":"https:\/\/sanlucar.com\/es\/wp-json\/wp\/v2\/pressemeldung\/29246","targetHints":{"allow":["GET"]}}],"collection":[{"href":"https:\/\/sanlucar.com\/es\/wp-json\/wp\/v2\/pressemeldung"}],"about":[{"href":"https:\/\/sanlucar.com\/es\/wp-json\/wp\/v2\/types\/pressemeldung"}],"version-history":[{"count":2,"href":"https:\/\/sanlucar.com\/es\/wp-json\/wp\/v2\/pressemeldung\/29246\/revisions"}],"predecessor-version":[{"id":42779,"href":"https:\/\/sanlucar.com\/es\/wp-json\/wp\/v2\/pressemeldung\/29246\/revisions\/42779"}],"wp:featuredmedia":[{"embeddable":true,"href":"https:\/\/sanlucar.com\/es\/wp-json\/wp\/v2\/media\/14752"}],"wp:attachment":[{"href":"https:\/\/sanlucar.com\/es\/wp-json\/wp\/v2\/media?parent=29246"}],"curies":[{"name":"wp","href":"https:\/\/api.w.org\/{rel}","templated":true}]}}