
{"id":29949,"date":"2024-04-04T10:15:50","date_gmt":"2024-04-04T08:15:50","guid":{"rendered":"https:\/\/sanlucar.com\/?post_type=pressemeldung&#038;p=29949"},"modified":"2024-09-02T11:32:17","modified_gmt":"2024-09-02T09:32:17","slug":"8vo-aniversario-de-los-ods","status":"publish","type":"pressemeldung","link":"https:\/\/sanlucar.com\/es\/notas-de-prensa\/8vo-aniversario-de-los-ods\/","title":{"rendered":"8vo Aniversario de los ODS."},"content":{"rendered":"<div id='av_section_1'  class='avia-section av-av_section-2dcb3d115e2e5af9a73072e0505910f8 main_color avia-section-default avia-no-border-styling  avia-builder-el-0  avia-builder-el-no-sibling  avia-bg-style-scroll container_wrap fullsize'  ><div class='container av-section-cont-open' ><main  role=\"main\" itemprop=\"mainContentOfPage\"  class='template-page content  av-content-full alpha units'><div class='post-entry post-entry-type-page post-entry-29949'><div class='entry-content-wrapper clearfix'>\n<div  class='flex_column av-av_one_half-a93934ecd89fbb8a9566d39e89cd3725 av_one_half  avia-builder-el-1  el_before_av_one_half  avia-builder-el-first  first flex_column_div  '     ><section  class='av_textblock_section av-lukyn4ud-1ccc56249cb3c0bb988ae4671910febb '   itemscope=\"itemscope\" itemtype=\"https:\/\/schema.org\/CreativeWork\" ><div class='avia_textblock'  itemprop=\"text\" ><p>Comprometida con las personas y la naturaleza, la marca premium internacional de fruta y verdura trabaja para contribuir a la consecuci\u00f3n de los ODS y la Agenda 2030 de Naciones Unidas.<\/p>\n<p>Desde Ecuador hasta Sud\u00e1frica, pasando por T\u00fanez, Marruecos, Italia, Alemania o Espa\u00f1a, SanLucar celebra en sus sedes en todo el mundo el octavo aniversario de los ODS &#8211; Objetivos de Desarrollo Sostenible de Naciones Unidas. Y no pod\u00eda ser de otro modo, ya que la multinacional hortofrut\u00edcola, dedicada a la producci\u00f3n y distribuci\u00f3n de fruta y verdura de calidad premium, desarrolla su actividad bajo un f\u00e9rreo compromiso con las personas y la naturaleza.<\/p>\n<p><span class=\"ui-provider a b c d e f g h i j k l m n o p q r s t u v w x y z ab ac ae af ag ah ai aj ak\" dir=\"ltr\"><strong>\u00ab<\/strong><\/span>En SanLucar creemos s\u00f3lidamente en la enorme oportunidad que tiene el mundo empresarial de generar valor para la sociedad y el medioambiente, as\u00ed como de impulsar el desarrollo sostenible. \u00c9sta ha sido siempre la premisa de partida de nuestra actividad, as\u00ed como la base de nuestra filosof\u00eda empresarial Sabor en armon\u00eda con las personas y la naturaleza<span class=\"ui-provider a b c d e f g h i j k l m n o p q r s t u v w x y z ab ac ae af ag ah ai aj ak\" dir=\"ltr\"><strong>\u00bb<\/strong><\/span>, afirma Stephan R\u00f6tzer, fundador y propietario de SanLucar.<\/p>\n<p>Fruto de ello, SanLucar se adhiri\u00f3 al Pacto Mundial de Naciones Unidas en 2011, dejando patente su compromiso con sus 10 Principios fundados en el respeto de los derechos humanos y las normas laborales, la preservaci\u00f3n del medioambiente, as\u00ed como la actuaci\u00f3n con transparencia de las organizaciones. En el a\u00f1o 2018, la compa\u00f1\u00eda pas\u00f3 a formar parte de la Red Espa\u00f1ola del Pacto Mundial y, tras la definici\u00f3n por parte de la ONU de los 17 Objetivos de Desarrollo Sostenible y la Agenda 2030, SanLucar adopt\u00f3 de inmediato dichos objetivos en toda su cadena de suministro.<\/p>\n<p><span class=\"ui-provider a b c d e f g h i j k l m n o p q r s t u v w x y z ab ac ae af ag ah ai aj ak\" dir=\"ltr\"><strong>\u00ab<\/strong><\/span>Los ODS de Naciones Unidas nos han brindado el marco perfecto para revisar de manera exhaustiva todas nuestras operaciones a lo largo de la cadena de valor del sector agroalimentario. Es decir, desde que plantamos la semilla en el campo, hasta que presentamos el producto final en el lineal del supermercado<span class=\"ui-provider a b c d e f g h i j k l m n o p q r s t u v w x y z ab ac ae af ag ah ai aj ak\" dir=\"ltr\"><strong>\u00bb<\/strong><\/span>, explica R\u00f6tzer. <span class=\"ui-provider a b c d e f g h i j k l m n o p q r s t u v w x y z ab ac ae af ag ah ai aj ak\" dir=\"ltr\"><strong>\u00ab<\/strong><\/span>Con ello, hemos podido determinar aquellos Objetivos en los que poner especialmente el foco, sin por supuesto descuidar el resto<span class=\"ui-provider a b c d e f g h i j k l m n o p q r s t u v w x y z ab ac ae af ag ah ai aj ak\" dir=\"ltr\"><strong>\u00bb<\/strong><\/span>, a\u00f1ade.<\/p>\n<p>Como resultado y atendiendo a su actividad, SanLucar ha identificado diez Objetivos a priorizar. Como empresa de alimentaci\u00f3n, la firma multinacional se esfuerza por contribuir al Hambre 0 (ODS 2), impulsando distintas iniciativas como la cocina solidaria El Puchero y El Puchero Portuario gestionadas junto a la Fundaci\u00f3n Coordinadora Solidaria del Puerto de Valencia en la ciudad de Valencia, y donde cerca de 500 personas con escasos recursos y\/o en riesgo de exclusi\u00f3n social reciben a diario un men\u00fa variado.Asimismo, la compa\u00f1\u00eda est\u00e1 comprometida con la Producci\u00f3n y el Consumo Responsable (ODS 12), mediante distintas actuaciones como el fomento del uso de envases biodegradables, reciclables o reusables para sus productos.<\/p>\n<\/div><\/section><\/div><div  class='flex_column av-av_one_half-d06667205e6186ec8414c6eb7605d406 av_one_half  avia-builder-el-3  el_after_av_one_half  avia-builder-el-last  flex_column_div  '     ><section  class='av_textblock_section av-lukyorix-cf72551d6a1953842e755cb86af024aa '   itemscope=\"itemscope\" itemtype=\"https:\/\/schema.org\/CreativeWork\" ><div class='avia_textblock'  itemprop=\"text\" ><p>La firma contribuye tambi\u00e9n al Agua Limpia y Saneamiento (ODS 6), con programas de riego que buscan un uso eficiente del agua para sus cultivos. Y desde su compromiso con el ODS 15, que trata sobre la Vida en los Ecosistemas Terrestres, apuesta por pr\u00e1cticas agr\u00edcolas sostenibles, reduciendo el uso de fertilizantes o productos qu\u00edmicos e implementando alternativas m\u00e1s respetuosas con el medio ambiente. Otros objetivos en los que la marca premium pone especial atenci\u00f3n son el ODS 3 que vela por la Salud y el Bienestar; el ODS 4 para una Educaci\u00f3n de Calidad; ODS 8 &#8211; Trabajo Decente y Crecimiento Econ\u00f3mico; ODS 10 para la Reducci\u00f3n de las Desigualdades; el ODS 16 &#8211; Paz, Justicia e Instituciones S\u00f3lidas; as\u00ed como el ODS 17 para el establecimiento de Alianzas para lograr objetivos.<\/p>\n<p><span class=\"ui-provider a b c d e f g h i j k l m n o p q r s t u v w x y z ab ac ae af ag ah ai aj ak\" dir=\"ltr\"><strong>\u00ab<\/strong><\/span>Todos nuestros avances en esa materia los presentamos anualmente en nuestra Memoria de Sostenibilidad, as\u00ed como en nuestro Informe de Progreso<span class=\"ui-provider a b c d e f g h i j k l m n o p q r s t u v w x y z ab ac ae af ag ah ai aj ak\" dir=\"ltr\"><strong>\u00bb<\/strong><\/span>, concluye R\u00f6tzer.<\/p>\n<h2>Acerca de SanLucar.<\/h2>\n<p>SanLucar es una empresa global que tiene como objetivo aportar a las personas salud, naturalidad y alegr\u00eda de vivir, y hacerlo de un modo en que pueda sentirse orgullosa de ello. Con una oferta de aproximadamente 100 variedades de frutas y verduras procedentes de m\u00e1s de 35 pa\u00edses, SanLucar es la marca con la m\u00e1s amplia gama en el mercado alem\u00e1n, austriaco y holand\u00e9s. Su porfolio de productos incluye asimismo smoothies, fruta fresca reci\u00e9n cortada, as\u00ed como flores y plantas, aceite de oliva, y ahora tambi\u00e9n helados. Actualmente, SanLucar se est\u00e1 expandiendo hacia Canad\u00e1, Escandinavia, Italia, Inglaterra, Polonia, Ecuador, Oriente Medio y el Norte de \u00c1frica.<\/p>\n<p>Fundada en 1993 por Stephan R\u00f6tzer, SanLucar tiene su sede principal en Valencia. La compa\u00f1\u00eda cuenta con m\u00e1s de 4.000 empleados entre sus oficinas y sus fincas agr\u00edcolas en Alemania, Austria, Benelux, Italia, Espa\u00f1a, Ecuador, Dubai, Sud\u00e1frica, Marruecos y T\u00fanez. La filosof\u00eda \u00abSabor en armon\u00eda con las personas y la naturaleza\u00bb constituye el fundamento de todas las acciones de SanLucar y la base de muchos proyectos sociales y sostenibles.<\/p>\n<p><strong>Si deseas recibir m\u00e1s informaci\u00f3n, por favor no dudes en contactar con nosotros:<\/strong><\/p>\n<p><strong>Sonia Gabarda<\/strong><br \/>\n<strong>Prensa SanLucar Fruit<\/strong><br \/>\n<strong><a href=\"mailto:sonia.gabarda@sanlucar.com\">sonia.gabarda@sanlucar.com<\/a><\/strong><br \/>\n<strong>Tel. + 34 96 142 40 40<\/strong><\/p>\n<\/div><\/section><\/div>\n","protected":false},"excerpt":{"rendered":"","protected":false},"featured_media":29787,"menu_order":0,"template":"","class_list":["post-29949","pressemeldung","type-pressemeldung","status-publish","has-post-thumbnail","hentry"],"acf":[],"yoast_head":"<!-- This site is optimized with the Yoast SEO plugin v27.0 - https:\/\/yoast.com\/product\/yoast-seo-wordpress\/ -->\n<title>8vo Aniversario de los ODS. | SanLucar<\/title>\n<meta name=\"robots\" content=\"index, follow, max-snippet:-1, max-image-preview:large, max-video-preview:-1\" \/>\n<link rel=\"canonical\" href=\"https:\/\/sanlucar.com\/es\/notas-de-prensa\/8vo-aniversario-de-los-ods\/\" \/>\n<meta property=\"og:locale\" content=\"es_ES\" \/>\n<meta property=\"og:type\" content=\"article\" \/>\n<meta property=\"og:title\" content=\"8vo Aniversario de los ODS. | SanLucar\" \/>\n<meta property=\"og:url\" content=\"https:\/\/sanlucar.com\/es\/notas-de-prensa\/8vo-aniversario-de-los-ods\/\" \/>\n<meta property=\"og:site_name\" content=\"SanLucar\" \/>\n<meta property=\"article:publisher\" content=\"https:\/\/www.facebook.com\/sanlucarfruit\" \/>\n<meta property=\"article:modified_time\" content=\"2024-09-02T09:32:17+00:00\" \/>\n<meta property=\"og:image\" content=\"https:\/\/sanlucar.com\/wp-content\/uploads\/2024\/03\/Headers-goals-1555x560-1.jpg\" \/>\n\t<meta property=\"og:image:width\" content=\"1555\" \/>\n\t<meta property=\"og:image:height\" content=\"560\" \/>\n\t<meta property=\"og:image:type\" content=\"image\/jpeg\" \/>\n<meta name=\"twitter:card\" content=\"summary_large_image\" \/>\n<meta name=\"twitter:label1\" content=\"Tiempo de lectura\" \/>\n\t<meta name=\"twitter:data1\" content=\"4 minutos\" \/>\n<script type=\"application\/ld+json\" class=\"yoast-schema-graph\">{\"@context\":\"https:\/\/schema.org\",\"@graph\":[{\"@type\":\"WebPage\",\"@id\":\"https:\/\/sanlucar.com\/es\/notas-de-prensa\/8vo-aniversario-de-los-ods\/\",\"url\":\"https:\/\/sanlucar.com\/es\/notas-de-prensa\/8vo-aniversario-de-los-ods\/\",\"name\":\"8vo Aniversario de los ODS. | SanLucar\",\"isPartOf\":{\"@id\":\"https:\/\/sanlucar.com\/#website\"},\"primaryImageOfPage\":{\"@id\":\"https:\/\/sanlucar.com\/es\/notas-de-prensa\/8vo-aniversario-de-los-ods\/#primaryimage\"},\"image\":{\"@id\":\"https:\/\/sanlucar.com\/es\/notas-de-prensa\/8vo-aniversario-de-los-ods\/#primaryimage\"},\"thumbnailUrl\":\"https:\/\/sanlucar.com\/wp-content\/uploads\/2024\/03\/Headers-goals-1555x560-1.jpg\",\"datePublished\":\"2024-04-04T08:15:50+00:00\",\"dateModified\":\"2024-09-02T09:32:17+00:00\",\"breadcrumb\":{\"@id\":\"https:\/\/sanlucar.com\/es\/notas-de-prensa\/8vo-aniversario-de-los-ods\/#breadcrumb\"},\"inLanguage\":\"es\",\"potentialAction\":[{\"@type\":\"ReadAction\",\"target\":[\"https:\/\/sanlucar.com\/es\/notas-de-prensa\/8vo-aniversario-de-los-ods\/\"]}]},{\"@type\":\"ImageObject\",\"inLanguage\":\"es\",\"@id\":\"https:\/\/sanlucar.com\/es\/notas-de-prensa\/8vo-aniversario-de-los-ods\/#primaryimage\",\"url\":\"https:\/\/sanlucar.com\/wp-content\/uploads\/2024\/03\/Headers-goals-1555x560-1.jpg\",\"contentUrl\":\"https:\/\/sanlucar.com\/wp-content\/uploads\/2024\/03\/Headers-goals-1555x560-1.jpg\",\"width\":1555,\"height\":560,\"caption\":\"SanLucar sustainability goals \u2013 committed to environmental responsibility, social impact, and fresh produce innovation.\"},{\"@type\":\"BreadcrumbList\",\"@id\":\"https:\/\/sanlucar.com\/es\/notas-de-prensa\/8vo-aniversario-de-los-ods\/#breadcrumb\",\"itemListElement\":[{\"@type\":\"ListItem\",\"position\":1,\"name\":\"Home\",\"item\":\"https:\/\/sanlucar.com\/es\/\"},{\"@type\":\"ListItem\",\"position\":2,\"name\":\"Pressemeldungen\",\"item\":\"https:\/\/sanlucar.com\/es\/notas-de-prensa\/\"},{\"@type\":\"ListItem\",\"position\":3,\"name\":\"8vo Aniversario de los ODS\"}]},{\"@type\":\"WebSite\",\"@id\":\"https:\/\/sanlucar.com\/#website\",\"url\":\"https:\/\/sanlucar.com\/\",\"name\":\"SanLucar\",\"description\":\"\",\"publisher\":{\"@id\":\"https:\/\/sanlucar.com\/#organization\"},\"potentialAction\":[{\"@type\":\"SearchAction\",\"target\":{\"@type\":\"EntryPoint\",\"urlTemplate\":\"https:\/\/sanlucar.com\/?s={search_term_string}\"},\"query-input\":{\"@type\":\"PropertyValueSpecification\",\"valueRequired\":true,\"valueName\":\"search_term_string\"}}],\"inLanguage\":\"es\"},{\"@type\":\"Organization\",\"@id\":\"https:\/\/sanlucar.com\/#organization\",\"name\":\"SanLucar\",\"url\":\"https:\/\/sanlucar.com\/\",\"logo\":{\"@type\":\"ImageObject\",\"inLanguage\":\"es\",\"@id\":\"https:\/\/sanlucar.com\/#\/schema\/logo\/image\/\",\"url\":\"https:\/\/sanlucar.com\/wp-content\/uploads\/2023\/01\/sanlucar-logo-onwhite.png\",\"contentUrl\":\"https:\/\/sanlucar.com\/wp-content\/uploads\/2023\/01\/sanlucar-logo-onwhite.png\",\"width\":800,\"height\":800,\"caption\":\"SanLucar\"},\"image\":{\"@id\":\"https:\/\/sanlucar.com\/#\/schema\/logo\/image\/\"},\"sameAs\":[\"https:\/\/www.facebook.com\/sanlucarfruit\",\"https:\/\/www.instagram.com\/sanlucarfruit\/\",\"https:\/\/www.youtube.com\/user\/SanLucar2009\",\"https:\/\/www.linkedin.com\/company\/sanlucar\/\"]}]}<\/script>\n<!-- \/ Yoast SEO plugin. -->","yoast_head_json":{"title":"8vo Aniversario de los ODS. | SanLucar","robots":{"index":"index","follow":"follow","max-snippet":"max-snippet:-1","max-image-preview":"max-image-preview:large","max-video-preview":"max-video-preview:-1"},"canonical":"https:\/\/sanlucar.com\/es\/notas-de-prensa\/8vo-aniversario-de-los-ods\/","og_locale":"es_ES","og_type":"article","og_title":"8vo Aniversario de los ODS. | SanLucar","og_url":"https:\/\/sanlucar.com\/es\/notas-de-prensa\/8vo-aniversario-de-los-ods\/","og_site_name":"SanLucar","article_publisher":"https:\/\/www.facebook.com\/sanlucarfruit","article_modified_time":"2024-09-02T09:32:17+00:00","og_image":[{"width":1555,"height":560,"url":"https:\/\/sanlucar.com\/wp-content\/uploads\/2024\/03\/Headers-goals-1555x560-1.jpg","type":"image\/jpeg"}],"twitter_card":"summary_large_image","twitter_misc":{"Tiempo de lectura":"4 minutos"},"schema":{"@context":"https:\/\/schema.org","@graph":[{"@type":"WebPage","@id":"https:\/\/sanlucar.com\/es\/notas-de-prensa\/8vo-aniversario-de-los-ods\/","url":"https:\/\/sanlucar.com\/es\/notas-de-prensa\/8vo-aniversario-de-los-ods\/","name":"8vo Aniversario de los ODS. | SanLucar","isPartOf":{"@id":"https:\/\/sanlucar.com\/#website"},"primaryImageOfPage":{"@id":"https:\/\/sanlucar.com\/es\/notas-de-prensa\/8vo-aniversario-de-los-ods\/#primaryimage"},"image":{"@id":"https:\/\/sanlucar.com\/es\/notas-de-prensa\/8vo-aniversario-de-los-ods\/#primaryimage"},"thumbnailUrl":"https:\/\/sanlucar.com\/wp-content\/uploads\/2024\/03\/Headers-goals-1555x560-1.jpg","datePublished":"2024-04-04T08:15:50+00:00","dateModified":"2024-09-02T09:32:17+00:00","breadcrumb":{"@id":"https:\/\/sanlucar.com\/es\/notas-de-prensa\/8vo-aniversario-de-los-ods\/#breadcrumb"},"inLanguage":"es","potentialAction":[{"@type":"ReadAction","target":["https:\/\/sanlucar.com\/es\/notas-de-prensa\/8vo-aniversario-de-los-ods\/"]}]},{"@type":"ImageObject","inLanguage":"es","@id":"https:\/\/sanlucar.com\/es\/notas-de-prensa\/8vo-aniversario-de-los-ods\/#primaryimage","url":"https:\/\/sanlucar.com\/wp-content\/uploads\/2024\/03\/Headers-goals-1555x560-1.jpg","contentUrl":"https:\/\/sanlucar.com\/wp-content\/uploads\/2024\/03\/Headers-goals-1555x560-1.jpg","width":1555,"height":560,"caption":"SanLucar sustainability goals \u2013 committed to environmental responsibility, social impact, and fresh produce innovation."},{"@type":"BreadcrumbList","@id":"https:\/\/sanlucar.com\/es\/notas-de-prensa\/8vo-aniversario-de-los-ods\/#breadcrumb","itemListElement":[{"@type":"ListItem","position":1,"name":"Home","item":"https:\/\/sanlucar.com\/es\/"},{"@type":"ListItem","position":2,"name":"Pressemeldungen","item":"https:\/\/sanlucar.com\/es\/notas-de-prensa\/"},{"@type":"ListItem","position":3,"name":"8vo Aniversario de los ODS"}]},{"@type":"WebSite","@id":"https:\/\/sanlucar.com\/#website","url":"https:\/\/sanlucar.com\/","name":"SanLucar","description":"","publisher":{"@id":"https:\/\/sanlucar.com\/#organization"},"potentialAction":[{"@type":"SearchAction","target":{"@type":"EntryPoint","urlTemplate":"https:\/\/sanlucar.com\/?s={search_term_string}"},"query-input":{"@type":"PropertyValueSpecification","valueRequired":true,"valueName":"search_term_string"}}],"inLanguage":"es"},{"@type":"Organization","@id":"https:\/\/sanlucar.com\/#organization","name":"SanLucar","url":"https:\/\/sanlucar.com\/","logo":{"@type":"ImageObject","inLanguage":"es","@id":"https:\/\/sanlucar.com\/#\/schema\/logo\/image\/","url":"https:\/\/sanlucar.com\/wp-content\/uploads\/2023\/01\/sanlucar-logo-onwhite.png","contentUrl":"https:\/\/sanlucar.com\/wp-content\/uploads\/2023\/01\/sanlucar-logo-onwhite.png","width":800,"height":800,"caption":"SanLucar"},"image":{"@id":"https:\/\/sanlucar.com\/#\/schema\/logo\/image\/"},"sameAs":["https:\/\/www.facebook.com\/sanlucarfruit","https:\/\/www.instagram.com\/sanlucarfruit\/","https:\/\/www.youtube.com\/user\/SanLucar2009","https:\/\/www.linkedin.com\/company\/sanlucar\/"]}]}},"_links":{"self":[{"href":"https:\/\/sanlucar.com\/es\/wp-json\/wp\/v2\/pressemeldung\/29949","targetHints":{"allow":["GET"]}}],"collection":[{"href":"https:\/\/sanlucar.com\/es\/wp-json\/wp\/v2\/pressemeldung"}],"about":[{"href":"https:\/\/sanlucar.com\/es\/wp-json\/wp\/v2\/types\/pressemeldung"}],"version-history":[{"count":2,"href":"https:\/\/sanlucar.com\/es\/wp-json\/wp\/v2\/pressemeldung\/29949\/revisions"}],"predecessor-version":[{"id":42709,"href":"https:\/\/sanlucar.com\/es\/wp-json\/wp\/v2\/pressemeldung\/29949\/revisions\/42709"}],"wp:featuredmedia":[{"embeddable":true,"href":"https:\/\/sanlucar.com\/es\/wp-json\/wp\/v2\/media\/29787"}],"wp:attachment":[{"href":"https:\/\/sanlucar.com\/es\/wp-json\/wp\/v2\/media?parent=29949"}],"curies":[{"name":"wp","href":"https:\/\/api.w.org\/{rel}","templated":true}]}}