
{"id":30449,"date":"2024-04-17T11:52:33","date_gmt":"2024-04-17T09:52:33","guid":{"rendered":"https:\/\/sanlucar.com\/?post_type=pressemeldung&#038;p=30449"},"modified":"2024-09-02T11:10:07","modified_gmt":"2024-09-02T09:10:07","slug":"traemos-el-sol-a-tu-plato","status":"publish","type":"pressemeldung","link":"https:\/\/sanlucar.com\/es\/notas-de-prensa\/traemos-el-sol-a-tu-plato\/","title":{"rendered":"Traemos el sol a tu plato."},"content":{"rendered":"<div id='av_section_1'  class='avia-section av-27arzs4-97fb7dca81b5d40a60a96e8c5b6e5dee main_color avia-section-default avia-no-border-styling  avia-builder-el-0  avia-builder-el-no-sibling  avia-bg-style-scroll container_wrap fullsize'  ><div class='container av-section-cont-open' ><main  role=\"main\" itemprop=\"mainContentOfPage\"  class='template-page content  av-content-full alpha units'><div class='post-entry post-entry-type-page post-entry-30449'><div class='entry-content-wrapper clearfix'>\n<div  class='flex_column av-1qyjq3o-ddb3993ee3b29726f48c6a89277be191 av_one_half  avia-builder-el-1  el_before_av_one_half  avia-builder-el-first  first flex_column_div  '     ><section  class='av_textblock_section av-luma2h9v-2e4ef530eb3fd98e0f8931403dd27484 '   itemscope=\"itemscope\" itemtype=\"https:\/\/schema.org\/CreativeWork\" ><div class='avia_textblock'  itemprop=\"text\" ><p>(Puzol, Valencia. Martes 16 de abril de 2024).- \u00abLleva el sol a tu plato\u00bb- con este prometedor eslogan, la marca premium de fruta y verdura SanLucar junto con la firma tradicional de quesos, Galbani, lanzan una nueva acci\u00f3n promocional en puntos de venta de Alemania. Justo a tiempo para la temporada de picnic, SanLucar sit\u00faa su amplia variedad de tomates y la cremosa mozzarella de Galbani en el centro de sus actividades.<\/p>\n<p>\u00abNadie puede resistirse a la deliciosa combinaci\u00f3n de queso mozzarella y tomate. Es puro verano\u00bb, explica Nuria Pizan, Brand &amp; Creative director de SanLucar. \u00abGalbani tiene una mozzarella maravillosa y nosotros tenemos no solamente tomates perfectamente madurados al sol, sino tambi\u00e9n albahaca arom\u00e1tica, as\u00ed como aceite de oliva afrutado. Se trata de una mezcla perfecta\u00bb, a\u00f1ade. Una encuesta en l\u00ednea realizada por la plataforma Marketagent revel\u00f3 que la combinaci\u00f3n de tomate, mozzarella y albahaca es la m\u00e1s popular entre los consumidores.<\/p>\n<p>De noviembre a mayo, los tomates SanLucar proceden del oasis \u00abEl Hamma\u00bb en T\u00fanez. All\u00ed, los frutos maduran hasta convertirse en aut\u00e9nticas delicias. Esto se debe en parte al intenso sol del desierto, as\u00ed como al agua rica en minerales procedente de una fuente de agua geotermal. Adem\u00e1s, los tomates s\u00f3lo se recolectan cuando est\u00e1n perfectamente maduros. Todo ello les confiere un extraordinario aroma y una pulpa firme que realza todos los platos.<\/p>\n<p>Tanto SanLucar como Galbani son marcas premium fuertes con s\u00f3lidas ra\u00edces en el comercio minorista, cuyas campa\u00f1as conjuntas tuvieron mucho \u00e9xito en el pasado. Por ello, las dos empresas han decidido relanzar sus actividades publicitarias.<\/p>\n<p>En los puntos de venta, los clientes pueden esperar materiales promocionales como carteler\u00eda, un expositor, carpeta de recetas con c\u00f3digo QR para la descarga de una receta, as\u00ed como un wobbler para la secci\u00f3n de refrigerados.Con actividades en las redes sociales Tik-Tok, Instagram y Facebook, as\u00ed como anuncios espec\u00edficos, SanLucar garantizar\u00e1 un alcance adicional de la promoci\u00f3n. Los minoristas SanLucar recibir\u00e1n adem\u00e1s folletos informativos.<\/p>\n<\/div><\/section><\/div><div  class='flex_column av-u9qbs4-a8448a3ddd44f18e55bf1f7eba69068c av_one_half  avia-builder-el-3  el_after_av_one_half  avia-builder-el-last  flex_column_div  '     ><section  class='av_textblock_section av-luma2wri-45bd418392e81556c3da2eb8d8376052 '   itemscope=\"itemscope\" itemtype=\"https:\/\/schema.org\/CreativeWork\" ><div class='avia_textblock'  itemprop=\"text\" ><h3>LA PROMOCI\u00d3N DE SANLUCAR Y GALBANI EST\u00c1 SOLO DISPONIBLE EN SUPERMERCADOS DE ALEMANIA.<\/h3>\n<h2>Acerca de SanLucar.<\/h2>\n<p>SanLucar es una empresa global que tiene como objetivo aportar a las personas salud, naturalidad y alegr\u00eda de vivir, y hacerlo de un modo en que pueda sentirse orgullosa de ello. Con una oferta de aproximadamente 100 variedades de frutas y verduras procedentes de m\u00e1s de 35 pa\u00edses, SanLucar es la marca premium con la m\u00e1s amplia gama en el mercado minorista de Alemania, Austria, Pa\u00edses Bajos, Polonia, B\u00e9lgica, Suecia, as\u00ed como de Oriente Medio y Canad\u00e1. Su porfolio de productos incluye asimismo smoothies, flores y plantas, as\u00ed como aceite de oliva y helados.<\/p>\n<p>Fundada en 1993 por Stephan R\u00f6tzer, SanLucar tiene su sede principal en Valencia. La compa\u00f1\u00eda cuenta con m\u00e1s de 4.000 empleados entre sus oficinas y sus fincas agr\u00edcolas en Alemania, Austria, Benelux, Italia, Espa\u00f1a, Ecuador, Dubai, Sud\u00e1frica, Marruecos y T\u00fanez. La filosof\u00eda \u00abSabor en armon\u00eda con las personas y la naturaleza\u00bb constituye el fundamento de todas las acciones de SanLucar y la base de muchos proyectos sociales y sostenibles.<\/p>\n<p><strong>Si deseas recibir m\u00e1s informaci\u00f3n, por favor no dudes en contactar con nosotros:<\/strong><\/p>\n<p><strong>Sonia Gabarda<\/strong><br \/>\n<strong>Prensa SanLucar Fruit<\/strong><br \/>\n<strong><a href=\"mailto:sonia.gabarda@sanlucar.com\">sonia.gabarda@sanlucar.com<\/a><\/strong><br \/>\n<strong>Tel. + 34 96 142 40 40<\/strong><\/p>\n<\/div><\/section><\/div>\n","protected":false},"excerpt":{"rendered":"","protected":false},"featured_media":30479,"menu_order":0,"template":"","class_list":["post-30449","pressemeldung","type-pressemeldung","status-publish","has-post-thumbnail","hentry"],"acf":[],"yoast_head":"<!-- This site is optimized with the Yoast SEO plugin v27.0 - https:\/\/yoast.com\/product\/yoast-seo-wordpress\/ -->\n<title>Traemos el sol a tu plato. | SanLucar<\/title>\n<meta name=\"robots\" content=\"index, follow, max-snippet:-1, max-image-preview:large, max-video-preview:-1\" \/>\n<link rel=\"canonical\" href=\"https:\/\/sanlucar.com\/es\/notas-de-prensa\/traemos-el-sol-a-tu-plato\/\" \/>\n<meta property=\"og:locale\" content=\"es_ES\" \/>\n<meta property=\"og:type\" content=\"article\" \/>\n<meta property=\"og:title\" content=\"Traemos el sol a tu plato. | SanLucar\" \/>\n<meta property=\"og:url\" content=\"https:\/\/sanlucar.com\/es\/notas-de-prensa\/traemos-el-sol-a-tu-plato\/\" \/>\n<meta property=\"og:site_name\" content=\"SanLucar\" \/>\n<meta property=\"article:publisher\" content=\"https:\/\/www.facebook.com\/sanlucarfruit\" \/>\n<meta property=\"article:modified_time\" content=\"2024-09-02T09:10:07+00:00\" \/>\n<meta property=\"og:image\" content=\"https:\/\/sanlucar.com\/wp-content\/uploads\/2024\/04\/header_Gablani1414x513-1.jpg\" \/>\n\t<meta property=\"og:image:width\" content=\"1414\" \/>\n\t<meta property=\"og:image:height\" content=\"513\" \/>\n\t<meta property=\"og:image:type\" content=\"image\/jpeg\" \/>\n<meta name=\"twitter:card\" content=\"summary_large_image\" \/>\n<script type=\"application\/ld+json\" class=\"yoast-schema-graph\">{\"@context\":\"https:\/\/schema.org\",\"@graph\":[{\"@type\":\"WebPage\",\"@id\":\"https:\/\/sanlucar.com\/es\/notas-de-prensa\/traemos-el-sol-a-tu-plato\/\",\"url\":\"https:\/\/sanlucar.com\/es\/notas-de-prensa\/traemos-el-sol-a-tu-plato\/\",\"name\":\"Traemos el sol a tu plato. | SanLucar\",\"isPartOf\":{\"@id\":\"https:\/\/sanlucar.com\/#website\"},\"primaryImageOfPage\":{\"@id\":\"https:\/\/sanlucar.com\/es\/notas-de-prensa\/traemos-el-sol-a-tu-plato\/#primaryimage\"},\"image\":{\"@id\":\"https:\/\/sanlucar.com\/es\/notas-de-prensa\/traemos-el-sol-a-tu-plato\/#primaryimage\"},\"thumbnailUrl\":\"https:\/\/sanlucar.com\/wp-content\/uploads\/2024\/04\/header_Gablani1414x513-1.jpg\",\"datePublished\":\"2024-04-17T09:52:33+00:00\",\"dateModified\":\"2024-09-02T09:10:07+00:00\",\"breadcrumb\":{\"@id\":\"https:\/\/sanlucar.com\/es\/notas-de-prensa\/traemos-el-sol-a-tu-plato\/#breadcrumb\"},\"inLanguage\":\"es\",\"potentialAction\":[{\"@type\":\"ReadAction\",\"target\":[\"https:\/\/sanlucar.com\/es\/notas-de-prensa\/traemos-el-sol-a-tu-plato\/\"]}]},{\"@type\":\"ImageObject\",\"inLanguage\":\"es\",\"@id\":\"https:\/\/sanlucar.com\/es\/notas-de-prensa\/traemos-el-sol-a-tu-plato\/#primaryimage\",\"url\":\"https:\/\/sanlucar.com\/wp-content\/uploads\/2024\/04\/header_Gablani1414x513-1.jpg\",\"contentUrl\":\"https:\/\/sanlucar.com\/wp-content\/uploads\/2024\/04\/header_Gablani1414x513-1.jpg\",\"width\":1414,\"height\":513,\"caption\":\"SanLucar *Gablani* project \u2013 supporting education, sustainability, and community development initiatives.\"},{\"@type\":\"BreadcrumbList\",\"@id\":\"https:\/\/sanlucar.com\/es\/notas-de-prensa\/traemos-el-sol-a-tu-plato\/#breadcrumb\",\"itemListElement\":[{\"@type\":\"ListItem\",\"position\":1,\"name\":\"Home\",\"item\":\"https:\/\/sanlucar.com\/es\/\"},{\"@type\":\"ListItem\",\"position\":2,\"name\":\"Pressemeldungen\",\"item\":\"https:\/\/sanlucar.com\/es\/notas-de-prensa\/\"},{\"@type\":\"ListItem\",\"position\":3,\"name\":\"Traemos el sol a tu plato.\"}]},{\"@type\":\"WebSite\",\"@id\":\"https:\/\/sanlucar.com\/#website\",\"url\":\"https:\/\/sanlucar.com\/\",\"name\":\"SanLucar\",\"description\":\"\",\"publisher\":{\"@id\":\"https:\/\/sanlucar.com\/#organization\"},\"potentialAction\":[{\"@type\":\"SearchAction\",\"target\":{\"@type\":\"EntryPoint\",\"urlTemplate\":\"https:\/\/sanlucar.com\/?s={search_term_string}\"},\"query-input\":{\"@type\":\"PropertyValueSpecification\",\"valueRequired\":true,\"valueName\":\"search_term_string\"}}],\"inLanguage\":\"es\"},{\"@type\":\"Organization\",\"@id\":\"https:\/\/sanlucar.com\/#organization\",\"name\":\"SanLucar\",\"url\":\"https:\/\/sanlucar.com\/\",\"logo\":{\"@type\":\"ImageObject\",\"inLanguage\":\"es\",\"@id\":\"https:\/\/sanlucar.com\/#\/schema\/logo\/image\/\",\"url\":\"https:\/\/sanlucar.com\/wp-content\/uploads\/2023\/01\/sanlucar-logo-onwhite.png\",\"contentUrl\":\"https:\/\/sanlucar.com\/wp-content\/uploads\/2023\/01\/sanlucar-logo-onwhite.png\",\"width\":800,\"height\":800,\"caption\":\"SanLucar\"},\"image\":{\"@id\":\"https:\/\/sanlucar.com\/#\/schema\/logo\/image\/\"},\"sameAs\":[\"https:\/\/www.facebook.com\/sanlucarfruit\",\"https:\/\/www.instagram.com\/sanlucarfruit\/\",\"https:\/\/www.youtube.com\/user\/SanLucar2009\",\"https:\/\/www.linkedin.com\/company\/sanlucar\/\"]}]}<\/script>\n<!-- \/ Yoast SEO plugin. -->","yoast_head_json":{"title":"Traemos el sol a tu plato. | SanLucar","robots":{"index":"index","follow":"follow","max-snippet":"max-snippet:-1","max-image-preview":"max-image-preview:large","max-video-preview":"max-video-preview:-1"},"canonical":"https:\/\/sanlucar.com\/es\/notas-de-prensa\/traemos-el-sol-a-tu-plato\/","og_locale":"es_ES","og_type":"article","og_title":"Traemos el sol a tu plato. | SanLucar","og_url":"https:\/\/sanlucar.com\/es\/notas-de-prensa\/traemos-el-sol-a-tu-plato\/","og_site_name":"SanLucar","article_publisher":"https:\/\/www.facebook.com\/sanlucarfruit","article_modified_time":"2024-09-02T09:10:07+00:00","og_image":[{"width":1414,"height":513,"url":"https:\/\/sanlucar.com\/wp-content\/uploads\/2024\/04\/header_Gablani1414x513-1.jpg","type":"image\/jpeg"}],"twitter_card":"summary_large_image","schema":{"@context":"https:\/\/schema.org","@graph":[{"@type":"WebPage","@id":"https:\/\/sanlucar.com\/es\/notas-de-prensa\/traemos-el-sol-a-tu-plato\/","url":"https:\/\/sanlucar.com\/es\/notas-de-prensa\/traemos-el-sol-a-tu-plato\/","name":"Traemos el sol a tu plato. | SanLucar","isPartOf":{"@id":"https:\/\/sanlucar.com\/#website"},"primaryImageOfPage":{"@id":"https:\/\/sanlucar.com\/es\/notas-de-prensa\/traemos-el-sol-a-tu-plato\/#primaryimage"},"image":{"@id":"https:\/\/sanlucar.com\/es\/notas-de-prensa\/traemos-el-sol-a-tu-plato\/#primaryimage"},"thumbnailUrl":"https:\/\/sanlucar.com\/wp-content\/uploads\/2024\/04\/header_Gablani1414x513-1.jpg","datePublished":"2024-04-17T09:52:33+00:00","dateModified":"2024-09-02T09:10:07+00:00","breadcrumb":{"@id":"https:\/\/sanlucar.com\/es\/notas-de-prensa\/traemos-el-sol-a-tu-plato\/#breadcrumb"},"inLanguage":"es","potentialAction":[{"@type":"ReadAction","target":["https:\/\/sanlucar.com\/es\/notas-de-prensa\/traemos-el-sol-a-tu-plato\/"]}]},{"@type":"ImageObject","inLanguage":"es","@id":"https:\/\/sanlucar.com\/es\/notas-de-prensa\/traemos-el-sol-a-tu-plato\/#primaryimage","url":"https:\/\/sanlucar.com\/wp-content\/uploads\/2024\/04\/header_Gablani1414x513-1.jpg","contentUrl":"https:\/\/sanlucar.com\/wp-content\/uploads\/2024\/04\/header_Gablani1414x513-1.jpg","width":1414,"height":513,"caption":"SanLucar *Gablani* project \u2013 supporting education, sustainability, and community development initiatives."},{"@type":"BreadcrumbList","@id":"https:\/\/sanlucar.com\/es\/notas-de-prensa\/traemos-el-sol-a-tu-plato\/#breadcrumb","itemListElement":[{"@type":"ListItem","position":1,"name":"Home","item":"https:\/\/sanlucar.com\/es\/"},{"@type":"ListItem","position":2,"name":"Pressemeldungen","item":"https:\/\/sanlucar.com\/es\/notas-de-prensa\/"},{"@type":"ListItem","position":3,"name":"Traemos el sol a tu plato."}]},{"@type":"WebSite","@id":"https:\/\/sanlucar.com\/#website","url":"https:\/\/sanlucar.com\/","name":"SanLucar","description":"","publisher":{"@id":"https:\/\/sanlucar.com\/#organization"},"potentialAction":[{"@type":"SearchAction","target":{"@type":"EntryPoint","urlTemplate":"https:\/\/sanlucar.com\/?s={search_term_string}"},"query-input":{"@type":"PropertyValueSpecification","valueRequired":true,"valueName":"search_term_string"}}],"inLanguage":"es"},{"@type":"Organization","@id":"https:\/\/sanlucar.com\/#organization","name":"SanLucar","url":"https:\/\/sanlucar.com\/","logo":{"@type":"ImageObject","inLanguage":"es","@id":"https:\/\/sanlucar.com\/#\/schema\/logo\/image\/","url":"https:\/\/sanlucar.com\/wp-content\/uploads\/2023\/01\/sanlucar-logo-onwhite.png","contentUrl":"https:\/\/sanlucar.com\/wp-content\/uploads\/2023\/01\/sanlucar-logo-onwhite.png","width":800,"height":800,"caption":"SanLucar"},"image":{"@id":"https:\/\/sanlucar.com\/#\/schema\/logo\/image\/"},"sameAs":["https:\/\/www.facebook.com\/sanlucarfruit","https:\/\/www.instagram.com\/sanlucarfruit\/","https:\/\/www.youtube.com\/user\/SanLucar2009","https:\/\/www.linkedin.com\/company\/sanlucar\/"]}]}},"_links":{"self":[{"href":"https:\/\/sanlucar.com\/es\/wp-json\/wp\/v2\/pressemeldung\/30449","targetHints":{"allow":["GET"]}}],"collection":[{"href":"https:\/\/sanlucar.com\/es\/wp-json\/wp\/v2\/pressemeldung"}],"about":[{"href":"https:\/\/sanlucar.com\/es\/wp-json\/wp\/v2\/types\/pressemeldung"}],"version-history":[{"count":2,"href":"https:\/\/sanlucar.com\/es\/wp-json\/wp\/v2\/pressemeldung\/30449\/revisions"}],"predecessor-version":[{"id":42673,"href":"https:\/\/sanlucar.com\/es\/wp-json\/wp\/v2\/pressemeldung\/30449\/revisions\/42673"}],"wp:featuredmedia":[{"embeddable":true,"href":"https:\/\/sanlucar.com\/es\/wp-json\/wp\/v2\/media\/30479"}],"wp:attachment":[{"href":"https:\/\/sanlucar.com\/es\/wp-json\/wp\/v2\/media?parent=30449"}],"curies":[{"name":"wp","href":"https:\/\/api.w.org\/{rel}","templated":true}]}}